{"id":13995,"date":"2022-05-13T16:27:30","date_gmt":"2022-05-13T16:27:30","guid":{"rendered":"http:\/\/andreudozphotography.com\/blog\/?p=13995"},"modified":"2025-04-22T14:13:26","modified_gmt":"2025-04-22T14:13:26","slug":"hotel-font-de-la-canya-wedding","status":"publish","type":"post","link":"https:\/\/andreudozphotography.com\/blog\/hotel-font-de-la-canya-wedding\/","title":{"rendered":"Hotel Font de la Canya"},"content":{"rendered":"<h1 style=\"text-align: center;\">Font de la Canya: A Breathtaking Wedding Venue in the Heart of Catalonia<\/h1>\n<p class=\"\" data-start=\"766\" data-end=\"1025\">As a <strong data-start=\"771\" data-end=\"795\">wedding photographer<\/strong>, I&#8217;ve had the privilege of shooting in many beautiful places across Europe. But there\u2019s something uniquely special about <strong data-start=\"917\" data-end=\"937\">Font de la Canya<\/strong>, a rustic wedding venue tucked away in the Pened\u00e8s wine region of <strong data-start=\"1004\" data-end=\"1024\">Catalonia, Spain<\/strong>.<\/p>\n<p class=\"\" data-start=\"1027\" data-end=\"1115\">The first time I photographed a wedding here, I knew instantly\u2014<strong data-start=\"1090\" data-end=\"1115\">this place has magic.<\/strong><\/p>\n<h2 class=\"\" data-start=\"1122\" data-end=\"1164\">A Hidden Gem in the Heart of Pened\u00e8s<\/h2>\n<p class=\"\" data-start=\"1166\" data-end=\"1421\">Font de la Canya is located less than an hour from Barcelona, surrounded by <strong data-start=\"1242\" data-end=\"1296\">vineyards, olive groves, and rolling Catalan hills<\/strong>. It offers the perfect balance between nature and tradition, making it an absolute dream for both couples and photographers.<\/p>\n<p class=\"\" data-start=\"1423\" data-end=\"1545\">For anyone planning a <strong data-start=\"1445\" data-end=\"1477\">destination wedding in Spain<\/strong>, it\u2019s the kind of venue that feels both <strong data-start=\"1518\" data-end=\"1544\">intimate and cinematic<\/strong>.<\/p>\n<h2 class=\"\" data-start=\"1552\" data-end=\"1599\">Natural Beauty That Does the Work for You<\/h2>\n<p class=\"\" data-start=\"1601\" data-end=\"1850\">One of the first things I noticed as a photographer was how beautifully the venue interacts with light. From soft morning haze over the vines to that golden Mediterranean glow in the late afternoon\u2014it\u2019s like nature itself is your lighting assistant.<\/p>\n<p class=\"\" data-start=\"1852\" data-end=\"2014\">Whether we\u2019re doing a <strong data-start=\"1874\" data-end=\"1912\">first look beneath the olive trees<\/strong> or capturing golden-hour portraits by the vineyard fence, the surroundings are effortlessly stunning.<\/p>\n<h2 class=\"\" data-start=\"2021\" data-end=\"2072\">Rustic Architecture with a Touch of Elegance<\/h2>\n<p class=\"\" data-start=\"2074\" data-end=\"2278\">What I love about <strong data-start=\"2092\" data-end=\"2112\">Font de la Canya<\/strong> is that it doesn&#8217;t feel staged or artificial. The buildings have real character\u2014<strong data-start=\"2193\" data-end=\"2240\">stone walls, wooden beams, terracotta tones<\/strong>\u2014all of which photograph beautifully.<\/p>\n<p class=\"\" data-start=\"2280\" data-end=\"2511\">And the layout is a photographer\u2019s dream: outdoor ceremony space, garden cocktail areas, and a warm, inviting reception hall. Each space transitions naturally, which makes for a <strong data-start=\"2458\" data-end=\"2491\">fluid storytelling experience<\/strong> throughout the day.<\/p>\n<h2 class=\"\" data-start=\"2518\" data-end=\"2567\">&nbsp;Ceremony, Cocktail &amp; Dinner\u2014All in One Flow<\/h2>\n<p class=\"\" data-start=\"2569\" data-end=\"2729\">From a photographer\u2019s point of view, venues that offer a <strong data-start=\"2626\" data-end=\"2676\">full-day experience without changing locations<\/strong> are invaluable. Font de la Canya allows you to have:<\/p>\n<ul data-start=\"2730\" data-end=\"2911\">\n<li class=\"\" data-start=\"2730\" data-end=\"2783\">\n<p class=\"\" data-start=\"2732\" data-end=\"2783\">A serene <strong data-start=\"2741\" data-end=\"2761\">outdoor ceremony<\/strong> with vineyard views<\/p>\n<\/li>\n<li class=\"\" data-start=\"2784\" data-end=\"2829\">\n<p class=\"\" data-start=\"2786\" data-end=\"2829\">A vibrant <strong data-start=\"2796\" data-end=\"2813\">cocktail hour<\/strong> in the garden<\/p>\n<\/li>\n<li class=\"\" data-start=\"2830\" data-end=\"2911\">\n<p class=\"\" data-start=\"2832\" data-end=\"2911\">A stylish, rustic <strong data-start=\"2850\" data-end=\"2870\">reception dinner<\/strong> indoors or outside under string lights<\/p>\n<\/li>\n<\/ul>\n<p class=\"\" data-start=\"2913\" data-end=\"3038\">Not only does this create a relaxed, guest-friendly timeline\u2014it also means I never miss a moment chasing cars between venues.<\/p>\n<h2 class=\"\" data-start=\"3045\" data-end=\"3086\">Local Flavors &amp; Mediterranean Vibes<\/h2>\n<p class=\"\" data-start=\"3088\" data-end=\"3341\">Being in the <strong data-start=\"3101\" data-end=\"3124\">Pened\u00e8s wine region<\/strong>, the food and wine here are phenomenal. From an editorial standpoint, details like <strong data-start=\"3208\" data-end=\"3290\">tables adorned with local olive oil bottles, fresh herbs, and Catalan ceramics<\/strong> make for gorgeous flat-lays and reception imagery.<\/p>\n<p class=\"\" data-start=\"3343\" data-end=\"3431\">And of course, happy guests sipping cava in the sun is always a photo I love to capture.<\/p>\n<h2 class=\"\" data-start=\"3438\" data-end=\"3495\">Why Font de la Canya is a Photographer\u2019s Playground<\/h2>\n<p class=\"\" data-start=\"3497\" data-end=\"3561\">If you&#8217;re a photographer reading this: you will love this venue.<\/p>\n<p class=\"\" data-start=\"3563\" data-end=\"3812\">Between the rustic textures, wide open fields, shady garden paths, and constantly shifting light, <strong data-start=\"3661\" data-end=\"3718\">you\u2019ll have endless opportunities to shoot creatively<\/strong>. It feels like you\u2019re working with a natural film set\u2014only real, emotional, and full of life.<\/p>\n<p class=\"\" data-start=\"3814\" data-end=\"3919\">It\u2019s the kind of venue where you don&#8217;t have to force anything\u2014<strong data-start=\"3876\" data-end=\"3918\">the beauty reveals itself to your lens<\/strong>.<\/p>\n<h2 class=\"\" data-start=\"3926\" data-end=\"3968\">Authentic, Emotional, and Easygoing<\/h2>\n<p class=\"\" data-start=\"3970\" data-end=\"4329\">What sets this venue apart isn\u2019t just the aesthetics\u2014it\u2019s the atmosphere. Font de la Canya has an incredibly <strong data-start=\"4079\" data-end=\"4113\">authentic and welcoming energy<\/strong>. It\u2019s calm, personal, and never over-commercialized. Every couple I\u2019ve worked with here has felt <strong data-start=\"4211\" data-end=\"4249\">seen, supported, and fully relaxed<\/strong>\u2014which, as any photographer knows, makes all the difference in the final images.<\/p>\n<h2 class=\"\" data-start=\"4336\" data-end=\"4385\">Would I Recommend Font de la Canya? 1000% Yes.<\/h2>\n<p class=\"\" data-start=\"4387\" data-end=\"4536\">If you&#8217;re a couple dreaming of a <strong data-start=\"4420\" data-end=\"4447\">rustic wedding in Spain<\/strong> or a <strong data-start=\"4453\" data-end=\"4493\">destination celebration in Catalonia<\/strong>, this venue deserves your full attention.<\/p>\n<p class=\"\" data-start=\"4538\" data-end=\"4678\">And if you\u2019re a wedding photographer looking for your next favorite location\u2014<strong data-start=\"4615\" data-end=\"4636\">bookmark this one<\/strong>. Trust me, your portfolio will thank you.<\/p>\n<h3 class=\"\" data-start=\"4685\" data-end=\"4732\">Let\u2019s Shoot Something Beautiful Together<\/h3>\n<p class=\"\" data-start=\"4734\" data-end=\"4878\">Whether you&#8217;re planning your own wedding at <strong data-start=\"4778\" data-end=\"4798\">Font de la Canya<\/strong>, or you&#8217;re a fellow photographer looking to connect, I\u2019d love to hear from you.<\/p>\n<p class=\"\" data-start=\"4880\" data-end=\"4896\">Get in touch if:<\/p>\n<ul data-start=\"4897\" data-end=\"5099\">\n<li class=\"\" data-start=\"4897\" data-end=\"4959\">\n<p class=\"\" data-start=\"4899\" data-end=\"4959\">You\u2019re looking for a <strong data-start=\"4920\" data-end=\"4957\">wedding photographer in Catalonia<\/strong><\/p>\n<\/li>\n<li class=\"\" data-start=\"4960\" data-end=\"5027\">\n<p class=\"\" data-start=\"4962\" data-end=\"5027\">You want help capturing your <strong data-start=\"4991\" data-end=\"5025\">Font de la Canya wedding story<\/strong><\/p>\n<\/li>\n<li class=\"\" data-start=\"5028\" data-end=\"5099\">\n<p class=\"\" data-start=\"5030\" data-end=\"5099\">You\u2019re dreaming of golden vineyards and heartfelt, unscripted moments<\/p>\n<\/li>\n<\/ul>\n<p class=\"\" data-start=\"5101\" data-end=\"5129\">Let\u2019s make it unforgettable. <a href=\"https:\/\/andreudozphotography.com\/contactus\">Contact me<\/a><\/p>\n<p data-wp-editing=\"1\"><img decoding=\"async\" class=\"aligncenter wp-image-13997 size-full lazyload\" data-src=\"https:\/\/andreudozphotography.com\/blog\/wp-content\/uploads\/2023\/05\/Hotel-font-de-la-canya-Andreu-Doz-Photography-0002.jpg\" alt=\"Font de la canya preparaci\u00f3 casament\" width=\"1771\" height=\"1181\" data-wp-pid=\"13997\" data-srcset=\"https:\/\/andreudozphotography.com\/blog\/wp-content\/uploads\/2023\/05\/Hotel-font-de-la-canya-Andreu-Doz-Photography-0002.jpg 1771w, https:\/\/andreudozphotography.com\/blog\/wp-content\/uploads\/2023\/05\/Hotel-font-de-la-canya-Andreu-Doz-Photography-0002-300x200.jpg 300w, https:\/\/andreudozphotography.com\/blog\/wp-content\/uploads\/2023\/05\/Hotel-font-de-la-canya-Andreu-Doz-Photography-0002-1024x683.jpg 1024w, https:\/\/andreudozphotography.com\/blog\/wp-content\/uploads\/2023\/05\/Hotel-font-de-la-canya-Andreu-Doz-Photography-0002-768x512.jpg 768w, https:\/\/andreudozphotography.com\/blog\/wp-content\/uploads\/2023\/05\/Hotel-font-de-la-canya-Andreu-Doz-Photography-0002-1536x1024.jpg 1536w, https:\/\/andreudozphotography.com\/blog\/wp-content\/uploads\/2023\/05\/Hotel-font-de-la-canya-Andreu-Doz-Photography-0002-405x270.jpg 405w, https:\/\/andreudozphotography.com\/blog\/wp-content\/uploads\/2023\/05\/Hotel-font-de-la-canya-Andreu-Doz-Photography-0002-800x533.jpg 800w\" data-sizes=\"(max-width: 1771px) 100vw, 1771px\" src=\"data:image\/svg+xml;base64,PHN2ZyB3aWR0aD0iMSIgaGVpZ2h0PSIxIiB4bWxucz0iaHR0cDovL3d3dy53My5vcmcvMjAwMC9zdmciPjwvc3ZnPg==\" style=\"--smush-placeholder-width: 1771px; --smush-placeholder-aspect-ratio: 1771\/1181;\" \/> <img decoding=\"async\" class=\"aligncenter wp-image-13998 size-full lazyload\" data-src=\"https:\/\/andreudozphotography.com\/blog\/wp-content\/uploads\/2023\/05\/Hotel-font-de-la-canya-Andreu-Doz-Photography-0003.jpg\" alt=\"ladies preparation font de la canya hotel, barcelona\" width=\"1771\" height=\"1181\" data-wp-pid=\"13998\" data-srcset=\"https:\/\/andreudozphotography.com\/blog\/wp-content\/uploads\/2023\/05\/Hotel-font-de-la-canya-Andreu-Doz-Photography-0003.jpg 1771w, https:\/\/andreudozphotography.com\/blog\/wp-content\/uploads\/2023\/05\/Hotel-font-de-la-canya-Andreu-Doz-Photography-0003-300x200.jpg 300w, https:\/\/andreudozphotography.com\/blog\/wp-content\/uploads\/2023\/05\/Hotel-font-de-la-canya-Andreu-Doz-Photography-0003-1024x683.jpg 1024w, https:\/\/andreudozphotography.com\/blog\/wp-content\/uploads\/2023\/05\/Hotel-font-de-la-canya-Andreu-Doz-Photography-0003-768x512.jpg 768w, https:\/\/andreudozphotography.com\/blog\/wp-content\/uploads\/2023\/05\/Hotel-font-de-la-canya-Andreu-Doz-Photography-0003-1536x1024.jpg 1536w, https:\/\/andreudozphotography.com\/blog\/wp-content\/uploads\/2023\/05\/Hotel-font-de-la-canya-Andreu-Doz-Photography-0003-405x270.jpg 405w, https:\/\/andreudozphotography.com\/blog\/wp-content\/uploads\/2023\/05\/Hotel-font-de-la-canya-Andreu-Doz-Photography-0003-800x533.jpg 800w\" data-sizes=\"(max-width: 1771px) 100vw, 1771px\" src=\"data:image\/svg+xml;base64,PHN2ZyB3aWR0aD0iMSIgaGVpZ2h0PSIxIiB4bWxucz0iaHR0cDovL3d3dy53My5vcmcvMjAwMC9zdmciPjwvc3ZnPg==\" style=\"--smush-placeholder-width: 1771px; --smush-placeholder-aspect-ratio: 1771\/1181;\" \/> <img decoding=\"async\" class=\"aligncenter size-full wp-image-14000 lazyload\" data-src=\"http:\/\/andreudozphotography.com\/blog\/wp-content\/uploads\/2023\/05\/Hotel-font-de-la-canya-Andreu-Doz-Photography-0005.jpg\" alt=\"Hotel font de la canya, hotel Font de la canya casaments, hotel fon de la canya boda, hotel Font de la canya weddings, hotel Font de la canya events, cal blay casaments, cal blay weddings, cal blay events, outdoor wedding, vineyrd wedding, fotografo de boda Barcelona, fotografo de boda sitges, sitges wedding, sitges wedding photographer, Barcelona wedding photographer, fotografo de bodas, fotograf casaments Barcelona, get married spain, bride, groom, happiness, wedding dress, nuvia, vestit de nuvis, rosa clara, vespa, photo of the day, wedding photography spain, wedding inspiration, wedding inspo, wedding d\u00e9cor, d\u00e9cor, decoration, wedding decoration, wedding details spain, wedding ideas, inspiracion bodas, bodas decoraci\u00f3n, \" width=\"1772\" height=\"1181\" data-wp-pid=\"14000\" data-srcset=\"https:\/\/andreudozphotography.com\/blog\/wp-content\/uploads\/2023\/05\/Hotel-font-de-la-canya-Andreu-Doz-Photography-0005.jpg 1772w, https:\/\/andreudozphotography.com\/blog\/wp-content\/uploads\/2023\/05\/Hotel-font-de-la-canya-Andreu-Doz-Photography-0005-300x200.jpg 300w, https:\/\/andreudozphotography.com\/blog\/wp-content\/uploads\/2023\/05\/Hotel-font-de-la-canya-Andreu-Doz-Photography-0005-1024x682.jpg 1024w, https:\/\/andreudozphotography.com\/blog\/wp-content\/uploads\/2023\/05\/Hotel-font-de-la-canya-Andreu-Doz-Photography-0005-768x512.jpg 768w, https:\/\/andreudozphotography.com\/blog\/wp-content\/uploads\/2023\/05\/Hotel-font-de-la-canya-Andreu-Doz-Photography-0005-1536x1024.jpg 1536w, https:\/\/andreudozphotography.com\/blog\/wp-content\/uploads\/2023\/05\/Hotel-font-de-la-canya-Andreu-Doz-Photography-0005-405x270.jpg 405w, https:\/\/andreudozphotography.com\/blog\/wp-content\/uploads\/2023\/05\/Hotel-font-de-la-canya-Andreu-Doz-Photography-0005-800x533.jpg 800w\" data-sizes=\"(max-width: 1772px) 100vw, 1772px\" src=\"data:image\/svg+xml;base64,PHN2ZyB3aWR0aD0iMSIgaGVpZ2h0PSIxIiB4bWxucz0iaHR0cDovL3d3dy53My5vcmcvMjAwMC9zdmciPjwvc3ZnPg==\" style=\"--smush-placeholder-width: 1772px; --smush-placeholder-aspect-ratio: 1772\/1181;\" \/> <img decoding=\"async\" class=\"aligncenter wp-image-14002 size-full lazyload\" data-src=\"https:\/\/andreudozphotography.com\/blog\/wp-content\/uploads\/2023\/05\/Hotel-font-de-la-canya-Andreu-Doz-Photography-0007.jpg\" alt=\"wedding shoes, wedding details at font de la canya hotel boutique barcelona\" width=\"1772\" height=\"1181\" data-wp-pid=\"14002\" data-srcset=\"https:\/\/andreudozphotography.com\/blog\/wp-content\/uploads\/2023\/05\/Hotel-font-de-la-canya-Andreu-Doz-Photography-0007.jpg 1772w, https:\/\/andreudozphotography.com\/blog\/wp-content\/uploads\/2023\/05\/Hotel-font-de-la-canya-Andreu-Doz-Photography-0007-300x200.jpg 300w, https:\/\/andreudozphotography.com\/blog\/wp-content\/uploads\/2023\/05\/Hotel-font-de-la-canya-Andreu-Doz-Photography-0007-1024x682.jpg 1024w, https:\/\/andreudozphotography.com\/blog\/wp-content\/uploads\/2023\/05\/Hotel-font-de-la-canya-Andreu-Doz-Photography-0007-768x512.jpg 768w, https:\/\/andreudozphotography.com\/blog\/wp-content\/uploads\/2023\/05\/Hotel-font-de-la-canya-Andreu-Doz-Photography-0007-1536x1024.jpg 1536w, https:\/\/andreudozphotography.com\/blog\/wp-content\/uploads\/2023\/05\/Hotel-font-de-la-canya-Andreu-Doz-Photography-0007-405x270.jpg 405w, https:\/\/andreudozphotography.com\/blog\/wp-content\/uploads\/2023\/05\/Hotel-font-de-la-canya-Andreu-Doz-Photography-0007-800x533.jpg 800w\" data-sizes=\"(max-width: 1772px) 100vw, 1772px\" src=\"data:image\/svg+xml;base64,PHN2ZyB3aWR0aD0iMSIgaGVpZ2h0PSIxIiB4bWxucz0iaHR0cDovL3d3dy53My5vcmcvMjAwMC9zdmciPjwvc3ZnPg==\" style=\"--smush-placeholder-width: 1772px; --smush-placeholder-aspect-ratio: 1772\/1181;\" \/> <img decoding=\"async\" class=\"aligncenter wp-image-14004 size-full lazyload\" data-src=\"https:\/\/andreudozphotography.com\/blog\/wp-content\/uploads\/2023\/05\/Hotel-font-de-la-canya-Andreu-Doz-Photography-0009.jpg\" alt=\"Hotel font de la canya, hotel Font de la canya casaments, hotel fon de la canya boda,father of the groom\" width=\"1771\" height=\"1181\" data-wp-pid=\"14004\" data-srcset=\"https:\/\/andreudozphotography.com\/blog\/wp-content\/uploads\/2023\/05\/Hotel-font-de-la-canya-Andreu-Doz-Photography-0009.jpg 1771w, https:\/\/andreudozphotography.com\/blog\/wp-content\/uploads\/2023\/05\/Hotel-font-de-la-canya-Andreu-Doz-Photography-0009-300x200.jpg 300w, https:\/\/andreudozphotography.com\/blog\/wp-content\/uploads\/2023\/05\/Hotel-font-de-la-canya-Andreu-Doz-Photography-0009-1024x683.jpg 1024w, https:\/\/andreudozphotography.com\/blog\/wp-content\/uploads\/2023\/05\/Hotel-font-de-la-canya-Andreu-Doz-Photography-0009-768x512.jpg 768w, https:\/\/andreudozphotography.com\/blog\/wp-content\/uploads\/2023\/05\/Hotel-font-de-la-canya-Andreu-Doz-Photography-0009-1536x1024.jpg 1536w, https:\/\/andreudozphotography.com\/blog\/wp-content\/uploads\/2023\/05\/Hotel-font-de-la-canya-Andreu-Doz-Photography-0009-405x270.jpg 405w, https:\/\/andreudozphotography.com\/blog\/wp-content\/uploads\/2023\/05\/Hotel-font-de-la-canya-Andreu-Doz-Photography-0009-800x533.jpg 800w\" data-sizes=\"(max-width: 1771px) 100vw, 1771px\" src=\"data:image\/svg+xml;base64,PHN2ZyB3aWR0aD0iMSIgaGVpZ2h0PSIxIiB4bWxucz0iaHR0cDovL3d3dy53My5vcmcvMjAwMC9zdmciPjwvc3ZnPg==\" style=\"--smush-placeholder-width: 1771px; --smush-placeholder-aspect-ratio: 1771\/1181;\" \/> <img decoding=\"async\" class=\"aligncenter wp-image-14005 size-full lazyload\" data-src=\"https:\/\/andreudozphotography.com\/blog\/wp-content\/uploads\/2023\/05\/Hotel-font-de-la-canya-Andreu-Doz-Photography-0010.jpg\" alt=\"Bride getting ready in a sunlit room at Font de la Canya, captured candidly with a natural, documentary photography style.\" width=\"1772\" height=\"1181\" data-wp-pid=\"14005\" data-srcset=\"https:\/\/andreudozphotography.com\/blog\/wp-content\/uploads\/2023\/05\/Hotel-font-de-la-canya-Andreu-Doz-Photography-0010.jpg 1772w, https:\/\/andreudozphotography.com\/blog\/wp-content\/uploads\/2023\/05\/Hotel-font-de-la-canya-Andreu-Doz-Photography-0010-300x200.jpg 300w, https:\/\/andreudozphotography.com\/blog\/wp-content\/uploads\/2023\/05\/Hotel-font-de-la-canya-Andreu-Doz-Photography-0010-1024x682.jpg 1024w, https:\/\/andreudozphotography.com\/blog\/wp-content\/uploads\/2023\/05\/Hotel-font-de-la-canya-Andreu-Doz-Photography-0010-768x512.jpg 768w, https:\/\/andreudozphotography.com\/blog\/wp-content\/uploads\/2023\/05\/Hotel-font-de-la-canya-Andreu-Doz-Photography-0010-1536x1024.jpg 1536w, https:\/\/andreudozphotography.com\/blog\/wp-content\/uploads\/2023\/05\/Hotel-font-de-la-canya-Andreu-Doz-Photography-0010-405x270.jpg 405w, https:\/\/andreudozphotography.com\/blog\/wp-content\/uploads\/2023\/05\/Hotel-font-de-la-canya-Andreu-Doz-Photography-0010-800x533.jpg 800w\" data-sizes=\"(max-width: 1772px) 100vw, 1772px\" src=\"data:image\/svg+xml;base64,PHN2ZyB3aWR0aD0iMSIgaGVpZ2h0PSIxIiB4bWxucz0iaHR0cDovL3d3dy53My5vcmcvMjAwMC9zdmciPjwvc3ZnPg==\" style=\"--smush-placeholder-width: 1772px; --smush-placeholder-aspect-ratio: 1772\/1181;\" \/> <img decoding=\"async\" class=\"aligncenter size-full wp-image-14006 lazyload\" data-src=\"http:\/\/andreudozphotography.com\/blog\/wp-content\/uploads\/2023\/05\/Hotel-font-de-la-canya-Andreu-Doz-Photography-0011.jpg\" alt=\"Hotel font de la canya, hotel Font de la canya casaments, hotel fon de la canya boda, hotel Font de la canya weddings, hotel Font de la canya events, cal blay casaments, cal blay weddings, cal blay events, outdoor wedding, vineyrd wedding, fotografo de boda Barcelona, fotografo de boda sitges, sitges wedding, sitges wedding photographer, Barcelona wedding photographer, fotografo de bodas, fotograf casaments Barcelona, get married spain, bride, groom, happiness, wedding dress, nuvia, vestit de nuvis, rosa clara, vespa, photo of the day, wedding photography spain, wedding inspiration, wedding inspo, wedding d\u00e9cor, d\u00e9cor, decoration, wedding decoration, wedding details spain, wedding ideas, inspiracion bodas, bodas decoraci\u00f3n, \" width=\"1772\" height=\"1181\" data-wp-pid=\"14006\" data-srcset=\"https:\/\/andreudozphotography.com\/blog\/wp-content\/uploads\/2023\/05\/Hotel-font-de-la-canya-Andreu-Doz-Photography-0011.jpg 1772w, https:\/\/andreudozphotography.com\/blog\/wp-content\/uploads\/2023\/05\/Hotel-font-de-la-canya-Andreu-Doz-Photography-0011-300x200.jpg 300w, https:\/\/andreudozphotography.com\/blog\/wp-content\/uploads\/2023\/05\/Hotel-font-de-la-canya-Andreu-Doz-Photography-0011-1024x682.jpg 1024w, https:\/\/andreudozphotography.com\/blog\/wp-content\/uploads\/2023\/05\/Hotel-font-de-la-canya-Andreu-Doz-Photography-0011-768x512.jpg 768w, https:\/\/andreudozphotography.com\/blog\/wp-content\/uploads\/2023\/05\/Hotel-font-de-la-canya-Andreu-Doz-Photography-0011-1536x1024.jpg 1536w, https:\/\/andreudozphotography.com\/blog\/wp-content\/uploads\/2023\/05\/Hotel-font-de-la-canya-Andreu-Doz-Photography-0011-405x270.jpg 405w, https:\/\/andreudozphotography.com\/blog\/wp-content\/uploads\/2023\/05\/Hotel-font-de-la-canya-Andreu-Doz-Photography-0011-800x533.jpg 800w\" data-sizes=\"(max-width: 1772px) 100vw, 1772px\" src=\"data:image\/svg+xml;base64,PHN2ZyB3aWR0aD0iMSIgaGVpZ2h0PSIxIiB4bWxucz0iaHR0cDovL3d3dy53My5vcmcvMjAwMC9zdmciPjwvc3ZnPg==\" style=\"--smush-placeholder-width: 1772px; --smush-placeholder-aspect-ratio: 1772\/1181;\" \/> <img decoding=\"async\" class=\"aligncenter wp-image-14008 size-full lazyload\" data-src=\"https:\/\/andreudozphotography.com\/blog\/wp-content\/uploads\/2023\/05\/Hotel-font-de-la-canya-Andreu-Doz-Photography-0013.jpg\" alt=\"grooms preparation at font de la canya\" width=\"1772\" height=\"1181\" data-wp-pid=\"14008\" data-srcset=\"https:\/\/andreudozphotography.com\/blog\/wp-content\/uploads\/2023\/05\/Hotel-font-de-la-canya-Andreu-Doz-Photography-0013.jpg 1772w, https:\/\/andreudozphotography.com\/blog\/wp-content\/uploads\/2023\/05\/Hotel-font-de-la-canya-Andreu-Doz-Photography-0013-300x200.jpg 300w, https:\/\/andreudozphotography.com\/blog\/wp-content\/uploads\/2023\/05\/Hotel-font-de-la-canya-Andreu-Doz-Photography-0013-1024x682.jpg 1024w, https:\/\/andreudozphotography.com\/blog\/wp-content\/uploads\/2023\/05\/Hotel-font-de-la-canya-Andreu-Doz-Photography-0013-768x512.jpg 768w, https:\/\/andreudozphotography.com\/blog\/wp-content\/uploads\/2023\/05\/Hotel-font-de-la-canya-Andreu-Doz-Photography-0013-1536x1024.jpg 1536w, https:\/\/andreudozphotography.com\/blog\/wp-content\/uploads\/2023\/05\/Hotel-font-de-la-canya-Andreu-Doz-Photography-0013-405x270.jpg 405w, https:\/\/andreudozphotography.com\/blog\/wp-content\/uploads\/2023\/05\/Hotel-font-de-la-canya-Andreu-Doz-Photography-0013-800x533.jpg 800w\" data-sizes=\"(max-width: 1772px) 100vw, 1772px\" src=\"data:image\/svg+xml;base64,PHN2ZyB3aWR0aD0iMSIgaGVpZ2h0PSIxIiB4bWxucz0iaHR0cDovL3d3dy53My5vcmcvMjAwMC9zdmciPjwvc3ZnPg==\" style=\"--smush-placeholder-width: 1772px; --smush-placeholder-aspect-ratio: 1772\/1181;\" \/> <img decoding=\"async\" class=\"aligncenter wp-image-14009 size-full lazyload\" data-src=\"https:\/\/andreudozphotography.com\/blog\/wp-content\/uploads\/2023\/05\/Hotel-font-de-la-canya-Andreu-Doz-Photography-0014.jpg\" alt=\"family love\" width=\"1772\" height=\"1181\" data-wp-pid=\"14009\" data-srcset=\"https:\/\/andreudozphotography.com\/blog\/wp-content\/uploads\/2023\/05\/Hotel-font-de-la-canya-Andreu-Doz-Photography-0014.jpg 1772w, https:\/\/andreudozphotography.com\/blog\/wp-content\/uploads\/2023\/05\/Hotel-font-de-la-canya-Andreu-Doz-Photography-0014-300x200.jpg 300w, https:\/\/andreudozphotography.com\/blog\/wp-content\/uploads\/2023\/05\/Hotel-font-de-la-canya-Andreu-Doz-Photography-0014-1024x682.jpg 1024w, https:\/\/andreudozphotography.com\/blog\/wp-content\/uploads\/2023\/05\/Hotel-font-de-la-canya-Andreu-Doz-Photography-0014-768x512.jpg 768w, https:\/\/andreudozphotography.com\/blog\/wp-content\/uploads\/2023\/05\/Hotel-font-de-la-canya-Andreu-Doz-Photography-0014-1536x1024.jpg 1536w, https:\/\/andreudozphotography.com\/blog\/wp-content\/uploads\/2023\/05\/Hotel-font-de-la-canya-Andreu-Doz-Photography-0014-405x270.jpg 405w, https:\/\/andreudozphotography.com\/blog\/wp-content\/uploads\/2023\/05\/Hotel-font-de-la-canya-Andreu-Doz-Photography-0014-800x533.jpg 800w\" data-sizes=\"(max-width: 1772px) 100vw, 1772px\" src=\"data:image\/svg+xml;base64,PHN2ZyB3aWR0aD0iMSIgaGVpZ2h0PSIxIiB4bWxucz0iaHR0cDovL3d3dy53My5vcmcvMjAwMC9zdmciPjwvc3ZnPg==\" style=\"--smush-placeholder-width: 1772px; --smush-placeholder-aspect-ratio: 1772\/1181;\" \/> <img decoding=\"async\" class=\"aligncenter wp-image-14010 size-full lazyload\" data-src=\"https:\/\/andreudozphotography.com\/blog\/wp-content\/uploads\/2023\/05\/Hotel-font-de-la-canya-Andreu-Doz-Photography-0015.jpg\" alt=\"el vers del padri, \" width=\"1771\" height=\"1181\" data-wp-pid=\"14010\" data-srcset=\"https:\/\/andreudozphotography.com\/blog\/wp-content\/uploads\/2023\/05\/Hotel-font-de-la-canya-Andreu-Doz-Photography-0015.jpg 1771w, https:\/\/andreudozphotography.com\/blog\/wp-content\/uploads\/2023\/05\/Hotel-font-de-la-canya-Andreu-Doz-Photography-0015-300x200.jpg 300w, https:\/\/andreudozphotography.com\/blog\/wp-content\/uploads\/2023\/05\/Hotel-font-de-la-canya-Andreu-Doz-Photography-0015-1024x683.jpg 1024w, https:\/\/andreudozphotography.com\/blog\/wp-content\/uploads\/2023\/05\/Hotel-font-de-la-canya-Andreu-Doz-Photography-0015-768x512.jpg 768w, https:\/\/andreudozphotography.com\/blog\/wp-content\/uploads\/2023\/05\/Hotel-font-de-la-canya-Andreu-Doz-Photography-0015-1536x1024.jpg 1536w, https:\/\/andreudozphotography.com\/blog\/wp-content\/uploads\/2023\/05\/Hotel-font-de-la-canya-Andreu-Doz-Photography-0015-405x270.jpg 405w, https:\/\/andreudozphotography.com\/blog\/wp-content\/uploads\/2023\/05\/Hotel-font-de-la-canya-Andreu-Doz-Photography-0015-800x533.jpg 800w\" data-sizes=\"(max-width: 1771px) 100vw, 1771px\" src=\"data:image\/svg+xml;base64,PHN2ZyB3aWR0aD0iMSIgaGVpZ2h0PSIxIiB4bWxucz0iaHR0cDovL3d3dy53My5vcmcvMjAwMC9zdmciPjwvc3ZnPg==\" style=\"--smush-placeholder-width: 1771px; --smush-placeholder-aspect-ratio: 1771\/1181;\" \/> <img decoding=\"async\" class=\"aligncenter wp-image-14011 size-full lazyload\" data-src=\"https:\/\/andreudozphotography.com\/blog\/wp-content\/uploads\/2023\/05\/Hotel-font-de-la-canya-Andreu-Doz-Photography-0016.jpg\" alt=\"Bride getting ready in a sunlit room at Font de la Canya, captured candidly with a natural, documentary photography style. Wedding dress\" width=\"1771\" height=\"1181\" data-wp-pid=\"14011\" data-srcset=\"https:\/\/andreudozphotography.com\/blog\/wp-content\/uploads\/2023\/05\/Hotel-font-de-la-canya-Andreu-Doz-Photography-0016.jpg 1771w, https:\/\/andreudozphotography.com\/blog\/wp-content\/uploads\/2023\/05\/Hotel-font-de-la-canya-Andreu-Doz-Photography-0016-300x200.jpg 300w, https:\/\/andreudozphotography.com\/blog\/wp-content\/uploads\/2023\/05\/Hotel-font-de-la-canya-Andreu-Doz-Photography-0016-1024x683.jpg 1024w, https:\/\/andreudozphotography.com\/blog\/wp-content\/uploads\/2023\/05\/Hotel-font-de-la-canya-Andreu-Doz-Photography-0016-768x512.jpg 768w, https:\/\/andreudozphotography.com\/blog\/wp-content\/uploads\/2023\/05\/Hotel-font-de-la-canya-Andreu-Doz-Photography-0016-1536x1024.jpg 1536w, https:\/\/andreudozphotography.com\/blog\/wp-content\/uploads\/2023\/05\/Hotel-font-de-la-canya-Andreu-Doz-Photography-0016-405x270.jpg 405w, https:\/\/andreudozphotography.com\/blog\/wp-content\/uploads\/2023\/05\/Hotel-font-de-la-canya-Andreu-Doz-Photography-0016-800x533.jpg 800w\" data-sizes=\"(max-width: 1771px) 100vw, 1771px\" src=\"data:image\/svg+xml;base64,PHN2ZyB3aWR0aD0iMSIgaGVpZ2h0PSIxIiB4bWxucz0iaHR0cDovL3d3dy53My5vcmcvMjAwMC9zdmciPjwvc3ZnPg==\" style=\"--smush-placeholder-width: 1771px; --smush-placeholder-aspect-ratio: 1771\/1181;\" \/> <img decoding=\"async\" class=\"aligncenter wp-image-14012 size-full lazyload\" data-src=\"https:\/\/andreudozphotography.com\/blog\/wp-content\/uploads\/2023\/05\/Hotel-font-de-la-canya-Andreu-Doz-Photography-0017.jpg\" alt=\"Rustic indoor reception setup at Font de la Canya, featuring wooden beams, fairy lights, and Mediterranean-style table settings\" width=\"1772\" height=\"1181\" data-wp-pid=\"14012\" data-srcset=\"https:\/\/andreudozphotography.com\/blog\/wp-content\/uploads\/2023\/05\/Hotel-font-de-la-canya-Andreu-Doz-Photography-0017.jpg 1772w, https:\/\/andreudozphotography.com\/blog\/wp-content\/uploads\/2023\/05\/Hotel-font-de-la-canya-Andreu-Doz-Photography-0017-300x200.jpg 300w, https:\/\/andreudozphotography.com\/blog\/wp-content\/uploads\/2023\/05\/Hotel-font-de-la-canya-Andreu-Doz-Photography-0017-1024x682.jpg 1024w, https:\/\/andreudozphotography.com\/blog\/wp-content\/uploads\/2023\/05\/Hotel-font-de-la-canya-Andreu-Doz-Photography-0017-768x512.jpg 768w, https:\/\/andreudozphotography.com\/blog\/wp-content\/uploads\/2023\/05\/Hotel-font-de-la-canya-Andreu-Doz-Photography-0017-1536x1024.jpg 1536w, https:\/\/andreudozphotography.com\/blog\/wp-content\/uploads\/2023\/05\/Hotel-font-de-la-canya-Andreu-Doz-Photography-0017-405x270.jpg 405w, https:\/\/andreudozphotography.com\/blog\/wp-content\/uploads\/2023\/05\/Hotel-font-de-la-canya-Andreu-Doz-Photography-0017-800x533.jpg 800w\" data-sizes=\"(max-width: 1772px) 100vw, 1772px\" src=\"data:image\/svg+xml;base64,PHN2ZyB3aWR0aD0iMSIgaGVpZ2h0PSIxIiB4bWxucz0iaHR0cDovL3d3dy53My5vcmcvMjAwMC9zdmciPjwvc3ZnPg==\" style=\"--smush-placeholder-width: 1772px; --smush-placeholder-aspect-ratio: 1772\/1181;\" \/> <img decoding=\"async\" class=\"aligncenter wp-image-14013 size-full lazyload\" data-src=\"https:\/\/andreudozphotography.com\/blog\/wp-content\/uploads\/2023\/05\/Hotel-font-de-la-canya-Andreu-Doz-Photography-0018.jpg\" alt=\"Stone farmhouse and garden view of Font de la Canya wedding venue surrounded by vineyards in Catalonia, Spain.\" width=\"1772\" height=\"1181\" data-wp-pid=\"14013\" data-srcset=\"https:\/\/andreudozphotography.com\/blog\/wp-content\/uploads\/2023\/05\/Hotel-font-de-la-canya-Andreu-Doz-Photography-0018.jpg 1772w, https:\/\/andreudozphotography.com\/blog\/wp-content\/uploads\/2023\/05\/Hotel-font-de-la-canya-Andreu-Doz-Photography-0018-300x200.jpg 300w, https:\/\/andreudozphotography.com\/blog\/wp-content\/uploads\/2023\/05\/Hotel-font-de-la-canya-Andreu-Doz-Photography-0018-1024x682.jpg 1024w, https:\/\/andreudozphotography.com\/blog\/wp-content\/uploads\/2023\/05\/Hotel-font-de-la-canya-Andreu-Doz-Photography-0018-768x512.jpg 768w, https:\/\/andreudozphotography.com\/blog\/wp-content\/uploads\/2023\/05\/Hotel-font-de-la-canya-Andreu-Doz-Photography-0018-1536x1024.jpg 1536w, https:\/\/andreudozphotography.com\/blog\/wp-content\/uploads\/2023\/05\/Hotel-font-de-la-canya-Andreu-Doz-Photography-0018-405x270.jpg 405w, https:\/\/andreudozphotography.com\/blog\/wp-content\/uploads\/2023\/05\/Hotel-font-de-la-canya-Andreu-Doz-Photography-0018-800x533.jpg 800w\" data-sizes=\"(max-width: 1772px) 100vw, 1772px\" src=\"data:image\/svg+xml;base64,PHN2ZyB3aWR0aD0iMSIgaGVpZ2h0PSIxIiB4bWxucz0iaHR0cDovL3d3dy53My5vcmcvMjAwMC9zdmciPjwvc3ZnPg==\" style=\"--smush-placeholder-width: 1772px; --smush-placeholder-aspect-ratio: 1772\/1181;\" \/> <img decoding=\"async\" class=\"aligncenter wp-image-14014 size-full lazyload\" data-src=\"https:\/\/andreudozphotography.com\/blog\/wp-content\/uploads\/2023\/05\/Hotel-font-de-la-canya-Andreu-Doz-Photography-0019.jpg\" alt=\"Bride getting ready in a sunlit room at Font de la Canya, captured candidly with a natural, documentary photography style.\" width=\"1772\" height=\"1181\" data-wp-pid=\"14014\" data-srcset=\"https:\/\/andreudozphotography.com\/blog\/wp-content\/uploads\/2023\/05\/Hotel-font-de-la-canya-Andreu-Doz-Photography-0019.jpg 1772w, https:\/\/andreudozphotography.com\/blog\/wp-content\/uploads\/2023\/05\/Hotel-font-de-la-canya-Andreu-Doz-Photography-0019-300x200.jpg 300w, https:\/\/andreudozphotography.com\/blog\/wp-content\/uploads\/2023\/05\/Hotel-font-de-la-canya-Andreu-Doz-Photography-0019-1024x682.jpg 1024w, https:\/\/andreudozphotography.com\/blog\/wp-content\/uploads\/2023\/05\/Hotel-font-de-la-canya-Andreu-Doz-Photography-0019-768x512.jpg 768w, https:\/\/andreudozphotography.com\/blog\/wp-content\/uploads\/2023\/05\/Hotel-font-de-la-canya-Andreu-Doz-Photography-0019-1536x1024.jpg 1536w, https:\/\/andreudozphotography.com\/blog\/wp-content\/uploads\/2023\/05\/Hotel-font-de-la-canya-Andreu-Doz-Photography-0019-405x270.jpg 405w, https:\/\/andreudozphotography.com\/blog\/wp-content\/uploads\/2023\/05\/Hotel-font-de-la-canya-Andreu-Doz-Photography-0019-800x533.jpg 800w\" data-sizes=\"(max-width: 1772px) 100vw, 1772px\" src=\"data:image\/svg+xml;base64,PHN2ZyB3aWR0aD0iMSIgaGVpZ2h0PSIxIiB4bWxucz0iaHR0cDovL3d3dy53My5vcmcvMjAwMC9zdmciPjwvc3ZnPg==\" style=\"--smush-placeholder-width: 1772px; --smush-placeholder-aspect-ratio: 1772\/1181;\" \/> <img decoding=\"async\" class=\"aligncenter wp-image-14016 size-full lazyload\" data-src=\"https:\/\/andreudozphotography.com\/blog\/wp-content\/uploads\/2023\/05\/Hotel-font-de-la-canya-Andreu-Doz-Photography-0021.jpg\" alt=\"Bride getting ready in a sunlit room at Font de la Canya, captured candidly with a natural, documentary photography style.\" width=\"1772\" height=\"1181\" data-wp-pid=\"14016\" data-srcset=\"https:\/\/andreudozphotography.com\/blog\/wp-content\/uploads\/2023\/05\/Hotel-font-de-la-canya-Andreu-Doz-Photography-0021.jpg 1772w, https:\/\/andreudozphotography.com\/blog\/wp-content\/uploads\/2023\/05\/Hotel-font-de-la-canya-Andreu-Doz-Photography-0021-300x200.jpg 300w, https:\/\/andreudozphotography.com\/blog\/wp-content\/uploads\/2023\/05\/Hotel-font-de-la-canya-Andreu-Doz-Photography-0021-1024x682.jpg 1024w, https:\/\/andreudozphotography.com\/blog\/wp-content\/uploads\/2023\/05\/Hotel-font-de-la-canya-Andreu-Doz-Photography-0021-768x512.jpg 768w, https:\/\/andreudozphotography.com\/blog\/wp-content\/uploads\/2023\/05\/Hotel-font-de-la-canya-Andreu-Doz-Photography-0021-1536x1024.jpg 1536w, https:\/\/andreudozphotography.com\/blog\/wp-content\/uploads\/2023\/05\/Hotel-font-de-la-canya-Andreu-Doz-Photography-0021-405x270.jpg 405w, https:\/\/andreudozphotography.com\/blog\/wp-content\/uploads\/2023\/05\/Hotel-font-de-la-canya-Andreu-Doz-Photography-0021-800x533.jpg 800w\" data-sizes=\"(max-width: 1772px) 100vw, 1772px\" src=\"data:image\/svg+xml;base64,PHN2ZyB3aWR0aD0iMSIgaGVpZ2h0PSIxIiB4bWxucz0iaHR0cDovL3d3dy53My5vcmcvMjAwMC9zdmciPjwvc3ZnPg==\" style=\"--smush-placeholder-width: 1772px; --smush-placeholder-aspect-ratio: 1772\/1181;\" \/> <img decoding=\"async\" class=\"aligncenter wp-image-14018 size-full lazyload\" data-src=\"https:\/\/andreudozphotography.com\/blog\/wp-content\/uploads\/2023\/05\/Hotel-font-de-la-canya-Andreu-Doz-Photography-0023.jpg\" alt=\"Bride getting ready in a sunlit room at Font de la Canya, captured candidly with a natural, documentary photography style.\" width=\"1771\" height=\"1181\" data-wp-pid=\"14018\" data-srcset=\"https:\/\/andreudozphotography.com\/blog\/wp-content\/uploads\/2023\/05\/Hotel-font-de-la-canya-Andreu-Doz-Photography-0023.jpg 1771w, https:\/\/andreudozphotography.com\/blog\/wp-content\/uploads\/2023\/05\/Hotel-font-de-la-canya-Andreu-Doz-Photography-0023-300x200.jpg 300w, https:\/\/andreudozphotography.com\/blog\/wp-content\/uploads\/2023\/05\/Hotel-font-de-la-canya-Andreu-Doz-Photography-0023-1024x683.jpg 1024w, https:\/\/andreudozphotography.com\/blog\/wp-content\/uploads\/2023\/05\/Hotel-font-de-la-canya-Andreu-Doz-Photography-0023-768x512.jpg 768w, https:\/\/andreudozphotography.com\/blog\/wp-content\/uploads\/2023\/05\/Hotel-font-de-la-canya-Andreu-Doz-Photography-0023-1536x1024.jpg 1536w, https:\/\/andreudozphotography.com\/blog\/wp-content\/uploads\/2023\/05\/Hotel-font-de-la-canya-Andreu-Doz-Photography-0023-405x270.jpg 405w, https:\/\/andreudozphotography.com\/blog\/wp-content\/uploads\/2023\/05\/Hotel-font-de-la-canya-Andreu-Doz-Photography-0023-800x533.jpg 800w\" data-sizes=\"(max-width: 1771px) 100vw, 1771px\" src=\"data:image\/svg+xml;base64,PHN2ZyB3aWR0aD0iMSIgaGVpZ2h0PSIxIiB4bWxucz0iaHR0cDovL3d3dy53My5vcmcvMjAwMC9zdmciPjwvc3ZnPg==\" style=\"--smush-placeholder-width: 1771px; --smush-placeholder-aspect-ratio: 1771\/1181;\" \/> <img decoding=\"async\" class=\"aligncenter wp-image-14020 size-full lazyload\" data-src=\"https:\/\/andreudozphotography.com\/blog\/wp-content\/uploads\/2023\/05\/Hotel-font-de-la-canya-Andreu-Doz-Photography-0025.jpg\" alt=\"Outdoor wedding ceremony setup at Font de la Canya, with rustic wooden chairs and a floral arch overlooking the Catalan countryside.\" width=\"1772\" height=\"1181\" data-wp-pid=\"14020\" data-srcset=\"https:\/\/andreudozphotography.com\/blog\/wp-content\/uploads\/2023\/05\/Hotel-font-de-la-canya-Andreu-Doz-Photography-0025.jpg 1772w, https:\/\/andreudozphotography.com\/blog\/wp-content\/uploads\/2023\/05\/Hotel-font-de-la-canya-Andreu-Doz-Photography-0025-300x200.jpg 300w, https:\/\/andreudozphotography.com\/blog\/wp-content\/uploads\/2023\/05\/Hotel-font-de-la-canya-Andreu-Doz-Photography-0025-1024x682.jpg 1024w, https:\/\/andreudozphotography.com\/blog\/wp-content\/uploads\/2023\/05\/Hotel-font-de-la-canya-Andreu-Doz-Photography-0025-768x512.jpg 768w, https:\/\/andreudozphotography.com\/blog\/wp-content\/uploads\/2023\/05\/Hotel-font-de-la-canya-Andreu-Doz-Photography-0025-1536x1024.jpg 1536w, https:\/\/andreudozphotography.com\/blog\/wp-content\/uploads\/2023\/05\/Hotel-font-de-la-canya-Andreu-Doz-Photography-0025-405x270.jpg 405w, https:\/\/andreudozphotography.com\/blog\/wp-content\/uploads\/2023\/05\/Hotel-font-de-la-canya-Andreu-Doz-Photography-0025-800x533.jpg 800w\" data-sizes=\"(max-width: 1772px) 100vw, 1772px\" src=\"data:image\/svg+xml;base64,PHN2ZyB3aWR0aD0iMSIgaGVpZ2h0PSIxIiB4bWxucz0iaHR0cDovL3d3dy53My5vcmcvMjAwMC9zdmciPjwvc3ZnPg==\" style=\"--smush-placeholder-width: 1772px; --smush-placeholder-aspect-ratio: 1772\/1181;\" \/> <img decoding=\"async\" class=\"aligncenter wp-image-14021 size-full lazyload\" data-src=\"https:\/\/andreudozphotography.com\/blog\/wp-content\/uploads\/2023\/05\/Hotel-font-de-la-canya-Andreu-Doz-Photography-0026.jpg\" alt=\"Outdoor wedding ceremony setup at Font de la Canya, with rustic wooden chairs and a floral arch overlooking the Catalan countryside.\" width=\"1772\" height=\"1181\" data-wp-pid=\"14021\" data-srcset=\"https:\/\/andreudozphotography.com\/blog\/wp-content\/uploads\/2023\/05\/Hotel-font-de-la-canya-Andreu-Doz-Photography-0026.jpg 1772w, https:\/\/andreudozphotography.com\/blog\/wp-content\/uploads\/2023\/05\/Hotel-font-de-la-canya-Andreu-Doz-Photography-0026-300x200.jpg 300w, https:\/\/andreudozphotography.com\/blog\/wp-content\/uploads\/2023\/05\/Hotel-font-de-la-canya-Andreu-Doz-Photography-0026-1024x682.jpg 1024w, https:\/\/andreudozphotography.com\/blog\/wp-content\/uploads\/2023\/05\/Hotel-font-de-la-canya-Andreu-Doz-Photography-0026-768x512.jpg 768w, https:\/\/andreudozphotography.com\/blog\/wp-content\/uploads\/2023\/05\/Hotel-font-de-la-canya-Andreu-Doz-Photography-0026-1536x1024.jpg 1536w, https:\/\/andreudozphotography.com\/blog\/wp-content\/uploads\/2023\/05\/Hotel-font-de-la-canya-Andreu-Doz-Photography-0026-405x270.jpg 405w, https:\/\/andreudozphotography.com\/blog\/wp-content\/uploads\/2023\/05\/Hotel-font-de-la-canya-Andreu-Doz-Photography-0026-800x533.jpg 800w\" data-sizes=\"(max-width: 1772px) 100vw, 1772px\" src=\"data:image\/svg+xml;base64,PHN2ZyB3aWR0aD0iMSIgaGVpZ2h0PSIxIiB4bWxucz0iaHR0cDovL3d3dy53My5vcmcvMjAwMC9zdmciPjwvc3ZnPg==\" style=\"--smush-placeholder-width: 1772px; --smush-placeholder-aspect-ratio: 1772\/1181;\" \/> <img decoding=\"async\" class=\"aligncenter wp-image-14022 size-full lazyload\" data-src=\"https:\/\/andreudozphotography.com\/blog\/wp-content\/uploads\/2023\/05\/Hotel-font-de-la-canya-Andreu-Doz-Photography-0027.jpg\" alt=\"Bride getting ready in a sunlit room at Font de la Canya, captured candidly with a natural, documentary photography style.\" width=\"1771\" height=\"1181\" data-wp-pid=\"14022\" data-srcset=\"https:\/\/andreudozphotography.com\/blog\/wp-content\/uploads\/2023\/05\/Hotel-font-de-la-canya-Andreu-Doz-Photography-0027.jpg 1771w, https:\/\/andreudozphotography.com\/blog\/wp-content\/uploads\/2023\/05\/Hotel-font-de-la-canya-Andreu-Doz-Photography-0027-300x200.jpg 300w, https:\/\/andreudozphotography.com\/blog\/wp-content\/uploads\/2023\/05\/Hotel-font-de-la-canya-Andreu-Doz-Photography-0027-1024x683.jpg 1024w, https:\/\/andreudozphotography.com\/blog\/wp-content\/uploads\/2023\/05\/Hotel-font-de-la-canya-Andreu-Doz-Photography-0027-768x512.jpg 768w, https:\/\/andreudozphotography.com\/blog\/wp-content\/uploads\/2023\/05\/Hotel-font-de-la-canya-Andreu-Doz-Photography-0027-1536x1024.jpg 1536w, https:\/\/andreudozphotography.com\/blog\/wp-content\/uploads\/2023\/05\/Hotel-font-de-la-canya-Andreu-Doz-Photography-0027-405x270.jpg 405w, https:\/\/andreudozphotography.com\/blog\/wp-content\/uploads\/2023\/05\/Hotel-font-de-la-canya-Andreu-Doz-Photography-0027-800x533.jpg 800w\" data-sizes=\"(max-width: 1771px) 100vw, 1771px\" src=\"data:image\/svg+xml;base64,PHN2ZyB3aWR0aD0iMSIgaGVpZ2h0PSIxIiB4bWxucz0iaHR0cDovL3d3dy53My5vcmcvMjAwMC9zdmciPjwvc3ZnPg==\" style=\"--smush-placeholder-width: 1771px; --smush-placeholder-aspect-ratio: 1771\/1181;\" \/> <img decoding=\"async\" class=\"aligncenter wp-image-14024 size-full lazyload\" data-src=\"https:\/\/andreudozphotography.com\/blog\/wp-content\/uploads\/2023\/05\/Hotel-font-de-la-canya-Andreu-Doz-Photography-0029.jpg\" alt=\"Outdoor wedding ceremony setup at Font de la Canya, with rustic wooden chairs and a floral arch overlooking the Catalan countryside.\" width=\"1772\" height=\"1181\" data-wp-pid=\"14024\" data-srcset=\"https:\/\/andreudozphotography.com\/blog\/wp-content\/uploads\/2023\/05\/Hotel-font-de-la-canya-Andreu-Doz-Photography-0029.jpg 1772w, https:\/\/andreudozphotography.com\/blog\/wp-content\/uploads\/2023\/05\/Hotel-font-de-la-canya-Andreu-Doz-Photography-0029-300x200.jpg 300w, https:\/\/andreudozphotography.com\/blog\/wp-content\/uploads\/2023\/05\/Hotel-font-de-la-canya-Andreu-Doz-Photography-0029-1024x682.jpg 1024w, https:\/\/andreudozphotography.com\/blog\/wp-content\/uploads\/2023\/05\/Hotel-font-de-la-canya-Andreu-Doz-Photography-0029-768x512.jpg 768w, https:\/\/andreudozphotography.com\/blog\/wp-content\/uploads\/2023\/05\/Hotel-font-de-la-canya-Andreu-Doz-Photography-0029-1536x1024.jpg 1536w, https:\/\/andreudozphotography.com\/blog\/wp-content\/uploads\/2023\/05\/Hotel-font-de-la-canya-Andreu-Doz-Photography-0029-405x270.jpg 405w, https:\/\/andreudozphotography.com\/blog\/wp-content\/uploads\/2023\/05\/Hotel-font-de-la-canya-Andreu-Doz-Photography-0029-800x533.jpg 800w\" data-sizes=\"(max-width: 1772px) 100vw, 1772px\" src=\"data:image\/svg+xml;base64,PHN2ZyB3aWR0aD0iMSIgaGVpZ2h0PSIxIiB4bWxucz0iaHR0cDovL3d3dy53My5vcmcvMjAwMC9zdmciPjwvc3ZnPg==\" style=\"--smush-placeholder-width: 1772px; --smush-placeholder-aspect-ratio: 1772\/1181;\" \/> <img decoding=\"async\" class=\"aligncenter wp-image-14026 size-full lazyload\" data-src=\"https:\/\/andreudozphotography.com\/blog\/wp-content\/uploads\/2023\/05\/Hotel-font-de-la-canya-Andreu-Doz-Photography-0031.jpg\" alt=\"Bride arriving at the ceremony. Outdoor wedding ceremony setup at Font de la Canya, with rustic wooden chairs and a floral arch overlooking the Catalan countryside.\" width=\"1772\" height=\"1181\" data-wp-pid=\"14026\" data-srcset=\"https:\/\/andreudozphotography.com\/blog\/wp-content\/uploads\/2023\/05\/Hotel-font-de-la-canya-Andreu-Doz-Photography-0031.jpg 1772w, https:\/\/andreudozphotography.com\/blog\/wp-content\/uploads\/2023\/05\/Hotel-font-de-la-canya-Andreu-Doz-Photography-0031-300x200.jpg 300w, https:\/\/andreudozphotography.com\/blog\/wp-content\/uploads\/2023\/05\/Hotel-font-de-la-canya-Andreu-Doz-Photography-0031-1024x682.jpg 1024w, https:\/\/andreudozphotography.com\/blog\/wp-content\/uploads\/2023\/05\/Hotel-font-de-la-canya-Andreu-Doz-Photography-0031-768x512.jpg 768w, https:\/\/andreudozphotography.com\/blog\/wp-content\/uploads\/2023\/05\/Hotel-font-de-la-canya-Andreu-Doz-Photography-0031-1536x1024.jpg 1536w, https:\/\/andreudozphotography.com\/blog\/wp-content\/uploads\/2023\/05\/Hotel-font-de-la-canya-Andreu-Doz-Photography-0031-405x270.jpg 405w, https:\/\/andreudozphotography.com\/blog\/wp-content\/uploads\/2023\/05\/Hotel-font-de-la-canya-Andreu-Doz-Photography-0031-800x533.jpg 800w\" data-sizes=\"(max-width: 1772px) 100vw, 1772px\" src=\"data:image\/svg+xml;base64,PHN2ZyB3aWR0aD0iMSIgaGVpZ2h0PSIxIiB4bWxucz0iaHR0cDovL3d3dy53My5vcmcvMjAwMC9zdmciPjwvc3ZnPg==\" style=\"--smush-placeholder-width: 1772px; --smush-placeholder-aspect-ratio: 1772\/1181;\" \/> <img decoding=\"async\" class=\"aligncenter wp-image-14028 size-full lazyload\" data-src=\"https:\/\/andreudozphotography.com\/blog\/wp-content\/uploads\/2023\/05\/Hotel-font-de-la-canya-Andreu-Doz-Photography-0033.jpg\" alt=\"emotional bride Outdoor wedding ceremony setup at Font de la Canya, with rustic wooden chairs and a floral arch overlooking the Catalan countryside.\" width=\"1771\" height=\"1181\" data-wp-pid=\"14028\" data-srcset=\"https:\/\/andreudozphotography.com\/blog\/wp-content\/uploads\/2023\/05\/Hotel-font-de-la-canya-Andreu-Doz-Photography-0033.jpg 1771w, https:\/\/andreudozphotography.com\/blog\/wp-content\/uploads\/2023\/05\/Hotel-font-de-la-canya-Andreu-Doz-Photography-0033-300x200.jpg 300w, https:\/\/andreudozphotography.com\/blog\/wp-content\/uploads\/2023\/05\/Hotel-font-de-la-canya-Andreu-Doz-Photography-0033-1024x683.jpg 1024w, https:\/\/andreudozphotography.com\/blog\/wp-content\/uploads\/2023\/05\/Hotel-font-de-la-canya-Andreu-Doz-Photography-0033-768x512.jpg 768w, https:\/\/andreudozphotography.com\/blog\/wp-content\/uploads\/2023\/05\/Hotel-font-de-la-canya-Andreu-Doz-Photography-0033-1536x1024.jpg 1536w, https:\/\/andreudozphotography.com\/blog\/wp-content\/uploads\/2023\/05\/Hotel-font-de-la-canya-Andreu-Doz-Photography-0033-405x270.jpg 405w, https:\/\/andreudozphotography.com\/blog\/wp-content\/uploads\/2023\/05\/Hotel-font-de-la-canya-Andreu-Doz-Photography-0033-800x533.jpg 800w\" data-sizes=\"(max-width: 1771px) 100vw, 1771px\" src=\"data:image\/svg+xml;base64,PHN2ZyB3aWR0aD0iMSIgaGVpZ2h0PSIxIiB4bWxucz0iaHR0cDovL3d3dy53My5vcmcvMjAwMC9zdmciPjwvc3ZnPg==\" style=\"--smush-placeholder-width: 1771px; --smush-placeholder-aspect-ratio: 1771\/1181;\" \/> <img decoding=\"async\" class=\"aligncenter wp-image-14030 size-full lazyload\" data-src=\"https:\/\/andreudozphotography.com\/blog\/wp-content\/uploads\/2023\/05\/Hotel-font-de-la-canya-Andreu-Doz-Photography-0035.jpg\" alt=\"the bride and groom \" width=\"1771\" height=\"1181\" data-wp-pid=\"14030\" data-srcset=\"https:\/\/andreudozphotography.com\/blog\/wp-content\/uploads\/2023\/05\/Hotel-font-de-la-canya-Andreu-Doz-Photography-0035.jpg 1771w, https:\/\/andreudozphotography.com\/blog\/wp-content\/uploads\/2023\/05\/Hotel-font-de-la-canya-Andreu-Doz-Photography-0035-300x200.jpg 300w, https:\/\/andreudozphotography.com\/blog\/wp-content\/uploads\/2023\/05\/Hotel-font-de-la-canya-Andreu-Doz-Photography-0035-1024x683.jpg 1024w, https:\/\/andreudozphotography.com\/blog\/wp-content\/uploads\/2023\/05\/Hotel-font-de-la-canya-Andreu-Doz-Photography-0035-768x512.jpg 768w, https:\/\/andreudozphotography.com\/blog\/wp-content\/uploads\/2023\/05\/Hotel-font-de-la-canya-Andreu-Doz-Photography-0035-1536x1024.jpg 1536w, https:\/\/andreudozphotography.com\/blog\/wp-content\/uploads\/2023\/05\/Hotel-font-de-la-canya-Andreu-Doz-Photography-0035-405x270.jpg 405w, https:\/\/andreudozphotography.com\/blog\/wp-content\/uploads\/2023\/05\/Hotel-font-de-la-canya-Andreu-Doz-Photography-0035-800x533.jpg 800w\" data-sizes=\"(max-width: 1771px) 100vw, 1771px\" src=\"data:image\/svg+xml;base64,PHN2ZyB3aWR0aD0iMSIgaGVpZ2h0PSIxIiB4bWxucz0iaHR0cDovL3d3dy53My5vcmcvMjAwMC9zdmciPjwvc3ZnPg==\" style=\"--smush-placeholder-width: 1771px; --smush-placeholder-aspect-ratio: 1771\/1181;\" \/> <img decoding=\"async\" class=\"aligncenter wp-image-14031 size-full lazyload\" data-src=\"https:\/\/andreudozphotography.com\/blog\/wp-content\/uploads\/2023\/05\/Hotel-font-de-la-canya-Andreu-Doz-Photography-0036.jpg\" alt=\"Outdoor wedding ceremony setup at Font de la Canya, with rustic wooden chairs and a floral arch overlooking the Catalan countryside.\" width=\"1771\" height=\"1181\" data-wp-pid=\"14031\" data-srcset=\"https:\/\/andreudozphotography.com\/blog\/wp-content\/uploads\/2023\/05\/Hotel-font-de-la-canya-Andreu-Doz-Photography-0036.jpg 1771w, https:\/\/andreudozphotography.com\/blog\/wp-content\/uploads\/2023\/05\/Hotel-font-de-la-canya-Andreu-Doz-Photography-0036-300x200.jpg 300w, https:\/\/andreudozphotography.com\/blog\/wp-content\/uploads\/2023\/05\/Hotel-font-de-la-canya-Andreu-Doz-Photography-0036-1024x683.jpg 1024w, https:\/\/andreudozphotography.com\/blog\/wp-content\/uploads\/2023\/05\/Hotel-font-de-la-canya-Andreu-Doz-Photography-0036-768x512.jpg 768w, https:\/\/andreudozphotography.com\/blog\/wp-content\/uploads\/2023\/05\/Hotel-font-de-la-canya-Andreu-Doz-Photography-0036-1536x1024.jpg 1536w, https:\/\/andreudozphotography.com\/blog\/wp-content\/uploads\/2023\/05\/Hotel-font-de-la-canya-Andreu-Doz-Photography-0036-405x270.jpg 405w, https:\/\/andreudozphotography.com\/blog\/wp-content\/uploads\/2023\/05\/Hotel-font-de-la-canya-Andreu-Doz-Photography-0036-800x533.jpg 800w\" data-sizes=\"(max-width: 1771px) 100vw, 1771px\" src=\"data:image\/svg+xml;base64,PHN2ZyB3aWR0aD0iMSIgaGVpZ2h0PSIxIiB4bWxucz0iaHR0cDovL3d3dy53My5vcmcvMjAwMC9zdmciPjwvc3ZnPg==\" style=\"--smush-placeholder-width: 1771px; --smush-placeholder-aspect-ratio: 1771\/1181;\" \/> <img decoding=\"async\" class=\"aligncenter size-full wp-image-14032 lazyload\" data-src=\"http:\/\/andreudozphotography.com\/blog\/wp-content\/uploads\/2023\/05\/Hotel-font-de-la-canya-Andreu-Doz-Photography-0037.jpg\" alt=\"Hotel font de la canya, hotel Font de la canya casaments, hotel fon de la canya boda, hotel Font de la canya weddings, hotel Font de la canya events, cal blay casaments, cal blay weddings, cal blay events, outdoor wedding, vineyrd wedding, fotografo de boda Barcelona, fotografo de boda sitges, sitges wedding, sitges wedding photographer, Barcelona wedding photographer, fotografo de bodas, fotograf casaments Barcelona, get married spain, bride, groom, happiness, wedding dress, nuvia, vestit de nuvis, rosa clara, vespa, photo of the day, wedding photography spain, wedding inspiration, wedding inspo, wedding d\u00e9cor, d\u00e9cor, decoration, wedding decoration, wedding details spain, wedding ideas, inspiracion bodas, bodas decoraci\u00f3n, \" width=\"1772\" height=\"1181\" data-wp-pid=\"14032\" data-srcset=\"https:\/\/andreudozphotography.com\/blog\/wp-content\/uploads\/2023\/05\/Hotel-font-de-la-canya-Andreu-Doz-Photography-0037.jpg 1772w, https:\/\/andreudozphotography.com\/blog\/wp-content\/uploads\/2023\/05\/Hotel-font-de-la-canya-Andreu-Doz-Photography-0037-300x200.jpg 300w, https:\/\/andreudozphotography.com\/blog\/wp-content\/uploads\/2023\/05\/Hotel-font-de-la-canya-Andreu-Doz-Photography-0037-1024x682.jpg 1024w, https:\/\/andreudozphotography.com\/blog\/wp-content\/uploads\/2023\/05\/Hotel-font-de-la-canya-Andreu-Doz-Photography-0037-768x512.jpg 768w, https:\/\/andreudozphotography.com\/blog\/wp-content\/uploads\/2023\/05\/Hotel-font-de-la-canya-Andreu-Doz-Photography-0037-1536x1024.jpg 1536w, https:\/\/andreudozphotography.com\/blog\/wp-content\/uploads\/2023\/05\/Hotel-font-de-la-canya-Andreu-Doz-Photography-0037-405x270.jpg 405w, https:\/\/andreudozphotography.com\/blog\/wp-content\/uploads\/2023\/05\/Hotel-font-de-la-canya-Andreu-Doz-Photography-0037-800x533.jpg 800w\" data-sizes=\"(max-width: 1772px) 100vw, 1772px\" src=\"data:image\/svg+xml;base64,PHN2ZyB3aWR0aD0iMSIgaGVpZ2h0PSIxIiB4bWxucz0iaHR0cDovL3d3dy53My5vcmcvMjAwMC9zdmciPjwvc3ZnPg==\" style=\"--smush-placeholder-width: 1772px; --smush-placeholder-aspect-ratio: 1772\/1181;\" \/> <img decoding=\"async\" class=\"aligncenter size-full wp-image-14033 lazyload\" data-src=\"http:\/\/andreudozphotography.com\/blog\/wp-content\/uploads\/2023\/05\/Hotel-font-de-la-canya-Andreu-Doz-Photography-0038.jpg\" alt=\"Hotel font de la canya, hotel Font de la canya casaments, hotel fon de la canya boda, hotel Font de la canya weddings, hotel Font de la canya events, cal blay casaments, cal blay weddings, cal blay events, outdoor wedding, vineyrd wedding, fotografo de boda Barcelona, fotografo de boda sitges, sitges wedding, sitges wedding photographer, Barcelona wedding photographer, fotografo de bodas, fotograf casaments Barcelona, get married spain, bride, groom, happiness, wedding dress, nuvia, vestit de nuvis, rosa clara, vespa, photo of the day, wedding photography spain, wedding inspiration, wedding inspo, wedding d\u00e9cor, d\u00e9cor, decoration, wedding decoration, wedding details spain, wedding ideas, inspiracion bodas, bodas decoraci\u00f3n, \" width=\"1772\" height=\"1181\" data-wp-pid=\"14033\" data-srcset=\"https:\/\/andreudozphotography.com\/blog\/wp-content\/uploads\/2023\/05\/Hotel-font-de-la-canya-Andreu-Doz-Photography-0038.jpg 1772w, https:\/\/andreudozphotography.com\/blog\/wp-content\/uploads\/2023\/05\/Hotel-font-de-la-canya-Andreu-Doz-Photography-0038-300x200.jpg 300w, https:\/\/andreudozphotography.com\/blog\/wp-content\/uploads\/2023\/05\/Hotel-font-de-la-canya-Andreu-Doz-Photography-0038-1024x682.jpg 1024w, https:\/\/andreudozphotography.com\/blog\/wp-content\/uploads\/2023\/05\/Hotel-font-de-la-canya-Andreu-Doz-Photography-0038-768x512.jpg 768w, https:\/\/andreudozphotography.com\/blog\/wp-content\/uploads\/2023\/05\/Hotel-font-de-la-canya-Andreu-Doz-Photography-0038-1536x1024.jpg 1536w, https:\/\/andreudozphotography.com\/blog\/wp-content\/uploads\/2023\/05\/Hotel-font-de-la-canya-Andreu-Doz-Photography-0038-405x270.jpg 405w, https:\/\/andreudozphotography.com\/blog\/wp-content\/uploads\/2023\/05\/Hotel-font-de-la-canya-Andreu-Doz-Photography-0038-800x533.jpg 800w\" data-sizes=\"(max-width: 1772px) 100vw, 1772px\" src=\"data:image\/svg+xml;base64,PHN2ZyB3aWR0aD0iMSIgaGVpZ2h0PSIxIiB4bWxucz0iaHR0cDovL3d3dy53My5vcmcvMjAwMC9zdmciPjwvc3ZnPg==\" style=\"--smush-placeholder-width: 1772px; --smush-placeholder-aspect-ratio: 1772\/1181;\" \/> <img decoding=\"async\" class=\"aligncenter size-full wp-image-14036 lazyload\" data-src=\"http:\/\/andreudozphotography.com\/blog\/wp-content\/uploads\/2023\/05\/Hotel-font-de-la-canya-Andreu-Doz-Photography-0041.jpg\" alt=\"Hotel font de la canya, hotel Font de la canya casaments, hotel fon de la canya boda, hotel Font de la canya weddings, hotel Font de la canya events, cal blay casaments, cal blay weddings, cal blay events, outdoor wedding, vineyrd wedding, fotografo de boda Barcelona, fotografo de boda sitges, sitges wedding, sitges wedding photographer, Barcelona wedding photographer, fotografo de bodas, fotograf casaments Barcelona, get married spain, bride, groom, happiness, wedding dress, nuvia, vestit de nuvis, rosa clara, vespa, photo of the day, wedding photography spain, wedding inspiration, wedding inspo, wedding d\u00e9cor, d\u00e9cor, decoration, wedding decoration, wedding details spain, wedding ideas, inspiracion bodas, bodas decoraci\u00f3n, \" width=\"1772\" height=\"1181\" data-wp-pid=\"14036\" data-srcset=\"https:\/\/andreudozphotography.com\/blog\/wp-content\/uploads\/2023\/05\/Hotel-font-de-la-canya-Andreu-Doz-Photography-0041.jpg 1772w, https:\/\/andreudozphotography.com\/blog\/wp-content\/uploads\/2023\/05\/Hotel-font-de-la-canya-Andreu-Doz-Photography-0041-300x200.jpg 300w, https:\/\/andreudozphotography.com\/blog\/wp-content\/uploads\/2023\/05\/Hotel-font-de-la-canya-Andreu-Doz-Photography-0041-1024x682.jpg 1024w, https:\/\/andreudozphotography.com\/blog\/wp-content\/uploads\/2023\/05\/Hotel-font-de-la-canya-Andreu-Doz-Photography-0041-768x512.jpg 768w, https:\/\/andreudozphotography.com\/blog\/wp-content\/uploads\/2023\/05\/Hotel-font-de-la-canya-Andreu-Doz-Photography-0041-1536x1024.jpg 1536w, https:\/\/andreudozphotography.com\/blog\/wp-content\/uploads\/2023\/05\/Hotel-font-de-la-canya-Andreu-Doz-Photography-0041-405x270.jpg 405w, https:\/\/andreudozphotography.com\/blog\/wp-content\/uploads\/2023\/05\/Hotel-font-de-la-canya-Andreu-Doz-Photography-0041-800x533.jpg 800w\" data-sizes=\"(max-width: 1772px) 100vw, 1772px\" src=\"data:image\/svg+xml;base64,PHN2ZyB3aWR0aD0iMSIgaGVpZ2h0PSIxIiB4bWxucz0iaHR0cDovL3d3dy53My5vcmcvMjAwMC9zdmciPjwvc3ZnPg==\" style=\"--smush-placeholder-width: 1772px; --smush-placeholder-aspect-ratio: 1772\/1181;\" \/> <img decoding=\"async\" class=\"aligncenter size-full wp-image-14037 lazyload\" data-src=\"http:\/\/andreudozphotography.com\/blog\/wp-content\/uploads\/2023\/05\/Hotel-font-de-la-canya-Andreu-Doz-Photography-0042.jpg\" alt=\"Hotel font de la canya, hotel Font de la canya casaments, hotel fon de la canya boda, hotel Font de la canya weddings, hotel Font de la canya events, cal blay casaments, cal blay weddings, cal blay events, outdoor wedding, vineyrd wedding, fotografo de boda Barcelona, fotografo de boda sitges, sitges wedding, sitges wedding photographer, Barcelona wedding photographer, fotografo de bodas, fotograf casaments Barcelona, get married spain, bride, groom, happiness, wedding dress, nuvia, vestit de nuvis, rosa clara, vespa, photo of the day, wedding photography spain, wedding inspiration, wedding inspo, wedding d\u00e9cor, d\u00e9cor, decoration, wedding decoration, wedding details spain, wedding ideas, inspiracion bodas, bodas decoraci\u00f3n, \" width=\"1772\" height=\"1181\" data-wp-pid=\"14037\" data-srcset=\"https:\/\/andreudozphotography.com\/blog\/wp-content\/uploads\/2023\/05\/Hotel-font-de-la-canya-Andreu-Doz-Photography-0042.jpg 1772w, https:\/\/andreudozphotography.com\/blog\/wp-content\/uploads\/2023\/05\/Hotel-font-de-la-canya-Andreu-Doz-Photography-0042-300x200.jpg 300w, https:\/\/andreudozphotography.com\/blog\/wp-content\/uploads\/2023\/05\/Hotel-font-de-la-canya-Andreu-Doz-Photography-0042-1024x682.jpg 1024w, https:\/\/andreudozphotography.com\/blog\/wp-content\/uploads\/2023\/05\/Hotel-font-de-la-canya-Andreu-Doz-Photography-0042-768x512.jpg 768w, https:\/\/andreudozphotography.com\/blog\/wp-content\/uploads\/2023\/05\/Hotel-font-de-la-canya-Andreu-Doz-Photography-0042-1536x1024.jpg 1536w, https:\/\/andreudozphotography.com\/blog\/wp-content\/uploads\/2023\/05\/Hotel-font-de-la-canya-Andreu-Doz-Photography-0042-405x270.jpg 405w, https:\/\/andreudozphotography.com\/blog\/wp-content\/uploads\/2023\/05\/Hotel-font-de-la-canya-Andreu-Doz-Photography-0042-800x533.jpg 800w\" data-sizes=\"(max-width: 1772px) 100vw, 1772px\" src=\"data:image\/svg+xml;base64,PHN2ZyB3aWR0aD0iMSIgaGVpZ2h0PSIxIiB4bWxucz0iaHR0cDovL3d3dy53My5vcmcvMjAwMC9zdmciPjwvc3ZnPg==\" style=\"--smush-placeholder-width: 1772px; --smush-placeholder-aspect-ratio: 1772\/1181;\" \/> <img decoding=\"async\" class=\"aligncenter size-full wp-image-14038 lazyload\" data-src=\"http:\/\/andreudozphotography.com\/blog\/wp-content\/uploads\/2023\/05\/Hotel-font-de-la-canya-Andreu-Doz-Photography-0043.jpg\" alt=\"Hotel font de la canya, hotel Font de la canya casaments, hotel fon de la canya boda, hotel Font de la canya weddings, hotel Font de la canya events, cal blay casaments, cal blay weddings, cal blay events, outdoor wedding, vineyrd wedding, fotografo de boda Barcelona, fotografo de boda sitges, sitges wedding, sitges wedding photographer, Barcelona wedding photographer, fotografo de bodas, fotograf casaments Barcelona, get married spain, bride, groom, happiness, wedding dress, nuvia, vestit de nuvis, rosa clara, vespa, photo of the day, wedding photography spain, wedding inspiration, wedding inspo, wedding d\u00e9cor, d\u00e9cor, decoration, wedding decoration, wedding details spain, wedding ideas, inspiracion bodas, bodas decoraci\u00f3n, \" width=\"1772\" height=\"1181\" data-wp-pid=\"14038\" data-srcset=\"https:\/\/andreudozphotography.com\/blog\/wp-content\/uploads\/2023\/05\/Hotel-font-de-la-canya-Andreu-Doz-Photography-0043.jpg 1772w, https:\/\/andreudozphotography.com\/blog\/wp-content\/uploads\/2023\/05\/Hotel-font-de-la-canya-Andreu-Doz-Photography-0043-300x200.jpg 300w, https:\/\/andreudozphotography.com\/blog\/wp-content\/uploads\/2023\/05\/Hotel-font-de-la-canya-Andreu-Doz-Photography-0043-1024x682.jpg 1024w, https:\/\/andreudozphotography.com\/blog\/wp-content\/uploads\/2023\/05\/Hotel-font-de-la-canya-Andreu-Doz-Photography-0043-768x512.jpg 768w, https:\/\/andreudozphotography.com\/blog\/wp-content\/uploads\/2023\/05\/Hotel-font-de-la-canya-Andreu-Doz-Photography-0043-1536x1024.jpg 1536w, https:\/\/andreudozphotography.com\/blog\/wp-content\/uploads\/2023\/05\/Hotel-font-de-la-canya-Andreu-Doz-Photography-0043-405x270.jpg 405w, https:\/\/andreudozphotography.com\/blog\/wp-content\/uploads\/2023\/05\/Hotel-font-de-la-canya-Andreu-Doz-Photography-0043-800x533.jpg 800w\" data-sizes=\"(max-width: 1772px) 100vw, 1772px\" src=\"data:image\/svg+xml;base64,PHN2ZyB3aWR0aD0iMSIgaGVpZ2h0PSIxIiB4bWxucz0iaHR0cDovL3d3dy53My5vcmcvMjAwMC9zdmciPjwvc3ZnPg==\" style=\"--smush-placeholder-width: 1772px; --smush-placeholder-aspect-ratio: 1772\/1181;\" \/> <img decoding=\"async\" class=\"aligncenter size-full wp-image-14039 lazyload\" data-src=\"http:\/\/andreudozphotography.com\/blog\/wp-content\/uploads\/2023\/05\/Hotel-font-de-la-canya-Andreu-Doz-Photography-0044.jpg\" alt=\"Hotel font de la canya, hotel Font de la canya casaments, hotel fon de la canya boda, hotel Font de la canya weddings, hotel Font de la canya events, cal blay casaments, cal blay weddings, cal blay events, outdoor wedding, vineyrd wedding, fotografo de boda Barcelona, fotografo de boda sitges, sitges wedding, sitges wedding photographer, Barcelona wedding photographer, fotografo de bodas, fotograf casaments Barcelona, get married spain, bride, groom, happiness, wedding dress, nuvia, vestit de nuvis, rosa clara, vespa, photo of the day, wedding photography spain, wedding inspiration, wedding inspo, wedding d\u00e9cor, d\u00e9cor, decoration, wedding decoration, wedding details spain, wedding ideas, inspiracion bodas, bodas decoraci\u00f3n, \" width=\"1772\" height=\"1181\" data-wp-pid=\"14039\" data-srcset=\"https:\/\/andreudozphotography.com\/blog\/wp-content\/uploads\/2023\/05\/Hotel-font-de-la-canya-Andreu-Doz-Photography-0044.jpg 1772w, https:\/\/andreudozphotography.com\/blog\/wp-content\/uploads\/2023\/05\/Hotel-font-de-la-canya-Andreu-Doz-Photography-0044-300x200.jpg 300w, https:\/\/andreudozphotography.com\/blog\/wp-content\/uploads\/2023\/05\/Hotel-font-de-la-canya-Andreu-Doz-Photography-0044-1024x682.jpg 1024w, https:\/\/andreudozphotography.com\/blog\/wp-content\/uploads\/2023\/05\/Hotel-font-de-la-canya-Andreu-Doz-Photography-0044-768x512.jpg 768w, https:\/\/andreudozphotography.com\/blog\/wp-content\/uploads\/2023\/05\/Hotel-font-de-la-canya-Andreu-Doz-Photography-0044-1536x1024.jpg 1536w, https:\/\/andreudozphotography.com\/blog\/wp-content\/uploads\/2023\/05\/Hotel-font-de-la-canya-Andreu-Doz-Photography-0044-405x270.jpg 405w, https:\/\/andreudozphotography.com\/blog\/wp-content\/uploads\/2023\/05\/Hotel-font-de-la-canya-Andreu-Doz-Photography-0044-800x533.jpg 800w\" data-sizes=\"(max-width: 1772px) 100vw, 1772px\" src=\"data:image\/svg+xml;base64,PHN2ZyB3aWR0aD0iMSIgaGVpZ2h0PSIxIiB4bWxucz0iaHR0cDovL3d3dy53My5vcmcvMjAwMC9zdmciPjwvc3ZnPg==\" style=\"--smush-placeholder-width: 1772px; --smush-placeholder-aspect-ratio: 1772\/1181;\" \/> <img decoding=\"async\" class=\"aligncenter size-full wp-image-14040 lazyload\" data-src=\"http:\/\/andreudozphotography.com\/blog\/wp-content\/uploads\/2023\/05\/Hotel-font-de-la-canya-Andreu-Doz-Photography-0045.jpg\" alt=\"Hotel font de la canya, hotel Font de la canya casaments, hotel fon de la canya boda, hotel Font de la canya weddings, hotel Font de la canya events, cal blay casaments, cal blay weddings, cal blay events, outdoor wedding, vineyrd wedding, fotografo de boda Barcelona, fotografo de boda sitges, sitges wedding, sitges wedding photographer, Barcelona wedding photographer, fotografo de bodas, fotograf casaments Barcelona, get married spain, bride, groom, happiness, wedding dress, nuvia, vestit de nuvis, rosa clara, vespa, photo of the day, wedding photography spain, wedding inspiration, wedding inspo, wedding d\u00e9cor, d\u00e9cor, decoration, wedding decoration, wedding details spain, wedding ideas, inspiracion bodas, bodas decoraci\u00f3n, \" width=\"1772\" height=\"1181\" data-wp-pid=\"14040\" data-srcset=\"https:\/\/andreudozphotography.com\/blog\/wp-content\/uploads\/2023\/05\/Hotel-font-de-la-canya-Andreu-Doz-Photography-0045.jpg 1772w, https:\/\/andreudozphotography.com\/blog\/wp-content\/uploads\/2023\/05\/Hotel-font-de-la-canya-Andreu-Doz-Photography-0045-300x200.jpg 300w, https:\/\/andreudozphotography.com\/blog\/wp-content\/uploads\/2023\/05\/Hotel-font-de-la-canya-Andreu-Doz-Photography-0045-1024x682.jpg 1024w, https:\/\/andreudozphotography.com\/blog\/wp-content\/uploads\/2023\/05\/Hotel-font-de-la-canya-Andreu-Doz-Photography-0045-768x512.jpg 768w, https:\/\/andreudozphotography.com\/blog\/wp-content\/uploads\/2023\/05\/Hotel-font-de-la-canya-Andreu-Doz-Photography-0045-1536x1024.jpg 1536w, https:\/\/andreudozphotography.com\/blog\/wp-content\/uploads\/2023\/05\/Hotel-font-de-la-canya-Andreu-Doz-Photography-0045-405x270.jpg 405w, https:\/\/andreudozphotography.com\/blog\/wp-content\/uploads\/2023\/05\/Hotel-font-de-la-canya-Andreu-Doz-Photography-0045-800x533.jpg 800w\" data-sizes=\"(max-width: 1772px) 100vw, 1772px\" src=\"data:image\/svg+xml;base64,PHN2ZyB3aWR0aD0iMSIgaGVpZ2h0PSIxIiB4bWxucz0iaHR0cDovL3d3dy53My5vcmcvMjAwMC9zdmciPjwvc3ZnPg==\" style=\"--smush-placeholder-width: 1772px; --smush-placeholder-aspect-ratio: 1772\/1181;\" \/> <img decoding=\"async\" class=\"aligncenter wp-image-14044 size-full lazyload\" data-src=\"https:\/\/andreudozphotography.com\/blog\/wp-content\/uploads\/2023\/05\/Hotel-font-de-la-canya-Andreu-Doz-Photography-0049.jpg\" alt=\"the groom during the outdoor ceremony at hotel font de la canya\" width=\"1772\" height=\"1181\" data-wp-pid=\"14044\" data-srcset=\"https:\/\/andreudozphotography.com\/blog\/wp-content\/uploads\/2023\/05\/Hotel-font-de-la-canya-Andreu-Doz-Photography-0049.jpg 1772w, https:\/\/andreudozphotography.com\/blog\/wp-content\/uploads\/2023\/05\/Hotel-font-de-la-canya-Andreu-Doz-Photography-0049-300x200.jpg 300w, https:\/\/andreudozphotography.com\/blog\/wp-content\/uploads\/2023\/05\/Hotel-font-de-la-canya-Andreu-Doz-Photography-0049-1024x682.jpg 1024w, https:\/\/andreudozphotography.com\/blog\/wp-content\/uploads\/2023\/05\/Hotel-font-de-la-canya-Andreu-Doz-Photography-0049-768x512.jpg 768w, https:\/\/andreudozphotography.com\/blog\/wp-content\/uploads\/2023\/05\/Hotel-font-de-la-canya-Andreu-Doz-Photography-0049-1536x1024.jpg 1536w, https:\/\/andreudozphotography.com\/blog\/wp-content\/uploads\/2023\/05\/Hotel-font-de-la-canya-Andreu-Doz-Photography-0049-405x270.jpg 405w, https:\/\/andreudozphotography.com\/blog\/wp-content\/uploads\/2023\/05\/Hotel-font-de-la-canya-Andreu-Doz-Photography-0049-800x533.jpg 800w\" data-sizes=\"(max-width: 1772px) 100vw, 1772px\" src=\"data:image\/svg+xml;base64,PHN2ZyB3aWR0aD0iMSIgaGVpZ2h0PSIxIiB4bWxucz0iaHR0cDovL3d3dy53My5vcmcvMjAwMC9zdmciPjwvc3ZnPg==\" style=\"--smush-placeholder-width: 1772px; --smush-placeholder-aspect-ratio: 1772\/1181;\" \/> <img decoding=\"async\" class=\"aligncenter wp-image-14047 size-full lazyload\" data-src=\"https:\/\/andreudozphotography.com\/blog\/wp-content\/uploads\/2023\/05\/Hotel-font-de-la-canya-Andreu-Doz-Photography-0052.jpg\" alt=\"father of the groom \" width=\"1772\" height=\"1181\" data-wp-pid=\"14047\" data-srcset=\"https:\/\/andreudozphotography.com\/blog\/wp-content\/uploads\/2023\/05\/Hotel-font-de-la-canya-Andreu-Doz-Photography-0052.jpg 1772w, https:\/\/andreudozphotography.com\/blog\/wp-content\/uploads\/2023\/05\/Hotel-font-de-la-canya-Andreu-Doz-Photography-0052-300x200.jpg 300w, https:\/\/andreudozphotography.com\/blog\/wp-content\/uploads\/2023\/05\/Hotel-font-de-la-canya-Andreu-Doz-Photography-0052-1024x682.jpg 1024w, https:\/\/andreudozphotography.com\/blog\/wp-content\/uploads\/2023\/05\/Hotel-font-de-la-canya-Andreu-Doz-Photography-0052-768x512.jpg 768w, https:\/\/andreudozphotography.com\/blog\/wp-content\/uploads\/2023\/05\/Hotel-font-de-la-canya-Andreu-Doz-Photography-0052-1536x1024.jpg 1536w, https:\/\/andreudozphotography.com\/blog\/wp-content\/uploads\/2023\/05\/Hotel-font-de-la-canya-Andreu-Doz-Photography-0052-405x270.jpg 405w, https:\/\/andreudozphotography.com\/blog\/wp-content\/uploads\/2023\/05\/Hotel-font-de-la-canya-Andreu-Doz-Photography-0052-800x533.jpg 800w\" data-sizes=\"(max-width: 1772px) 100vw, 1772px\" src=\"data:image\/svg+xml;base64,PHN2ZyB3aWR0aD0iMSIgaGVpZ2h0PSIxIiB4bWxucz0iaHR0cDovL3d3dy53My5vcmcvMjAwMC9zdmciPjwvc3ZnPg==\" style=\"--smush-placeholder-width: 1772px; --smush-placeholder-aspect-ratio: 1772\/1181;\" \/> <img decoding=\"async\" class=\"aligncenter wp-image-14051 size-full lazyload\" data-src=\"https:\/\/andreudozphotography.com\/blog\/wp-content\/uploads\/2023\/05\/Hotel-font-de-la-canya-Andreu-Doz-Photography-0056.jpg\" alt=\"bride cries of emotion during outdoor ceremony at Hotel Font de la canya, barcelona\" width=\"1771\" height=\"1181\" data-wp-pid=\"14051\" data-srcset=\"https:\/\/andreudozphotography.com\/blog\/wp-content\/uploads\/2023\/05\/Hotel-font-de-la-canya-Andreu-Doz-Photography-0056.jpg 1771w, https:\/\/andreudozphotography.com\/blog\/wp-content\/uploads\/2023\/05\/Hotel-font-de-la-canya-Andreu-Doz-Photography-0056-300x200.jpg 300w, https:\/\/andreudozphotography.com\/blog\/wp-content\/uploads\/2023\/05\/Hotel-font-de-la-canya-Andreu-Doz-Photography-0056-1024x683.jpg 1024w, https:\/\/andreudozphotography.com\/blog\/wp-content\/uploads\/2023\/05\/Hotel-font-de-la-canya-Andreu-Doz-Photography-0056-768x512.jpg 768w, https:\/\/andreudozphotography.com\/blog\/wp-content\/uploads\/2023\/05\/Hotel-font-de-la-canya-Andreu-Doz-Photography-0056-1536x1024.jpg 1536w, https:\/\/andreudozphotography.com\/blog\/wp-content\/uploads\/2023\/05\/Hotel-font-de-la-canya-Andreu-Doz-Photography-0056-405x270.jpg 405w, https:\/\/andreudozphotography.com\/blog\/wp-content\/uploads\/2023\/05\/Hotel-font-de-la-canya-Andreu-Doz-Photography-0056-800x533.jpg 800w\" data-sizes=\"(max-width: 1771px) 100vw, 1771px\" src=\"data:image\/svg+xml;base64,PHN2ZyB3aWR0aD0iMSIgaGVpZ2h0PSIxIiB4bWxucz0iaHR0cDovL3d3dy53My5vcmcvMjAwMC9zdmciPjwvc3ZnPg==\" style=\"--smush-placeholder-width: 1771px; --smush-placeholder-aspect-ratio: 1771\/1181;\" \/> <img decoding=\"async\" class=\"aligncenter wp-image-14058 size-full lazyload\" data-src=\"https:\/\/andreudozphotography.com\/blog\/wp-content\/uploads\/2023\/05\/Hotel-font-de-la-canya-Andreu-Doz-Photography-0063.jpg\" alt=\"father of the bride loves photography\" width=\"1772\" height=\"1181\" data-wp-pid=\"14058\" data-srcset=\"https:\/\/andreudozphotography.com\/blog\/wp-content\/uploads\/2023\/05\/Hotel-font-de-la-canya-Andreu-Doz-Photography-0063.jpg 1772w, https:\/\/andreudozphotography.com\/blog\/wp-content\/uploads\/2023\/05\/Hotel-font-de-la-canya-Andreu-Doz-Photography-0063-300x200.jpg 300w, https:\/\/andreudozphotography.com\/blog\/wp-content\/uploads\/2023\/05\/Hotel-font-de-la-canya-Andreu-Doz-Photography-0063-1024x682.jpg 1024w, https:\/\/andreudozphotography.com\/blog\/wp-content\/uploads\/2023\/05\/Hotel-font-de-la-canya-Andreu-Doz-Photography-0063-768x512.jpg 768w, https:\/\/andreudozphotography.com\/blog\/wp-content\/uploads\/2023\/05\/Hotel-font-de-la-canya-Andreu-Doz-Photography-0063-1536x1024.jpg 1536w, https:\/\/andreudozphotography.com\/blog\/wp-content\/uploads\/2023\/05\/Hotel-font-de-la-canya-Andreu-Doz-Photography-0063-405x270.jpg 405w, https:\/\/andreudozphotography.com\/blog\/wp-content\/uploads\/2023\/05\/Hotel-font-de-la-canya-Andreu-Doz-Photography-0063-800x533.jpg 800w\" data-sizes=\"(max-width: 1772px) 100vw, 1772px\" src=\"data:image\/svg+xml;base64,PHN2ZyB3aWR0aD0iMSIgaGVpZ2h0PSIxIiB4bWxucz0iaHR0cDovL3d3dy53My5vcmcvMjAwMC9zdmciPjwvc3ZnPg==\" style=\"--smush-placeholder-width: 1772px; --smush-placeholder-aspect-ratio: 1772\/1181;\" \/> <img decoding=\"async\" class=\"aligncenter wp-image-14059 size-full lazyload\" data-src=\"https:\/\/andreudozphotography.com\/blog\/wp-content\/uploads\/2023\/05\/Hotel-font-de-la-canya-Andreu-Doz-Photography-0064.jpg\" alt=\"Ring bearers\" width=\"1772\" height=\"1181\" data-wp-pid=\"14059\" data-srcset=\"https:\/\/andreudozphotography.com\/blog\/wp-content\/uploads\/2023\/05\/Hotel-font-de-la-canya-Andreu-Doz-Photography-0064.jpg 1772w, https:\/\/andreudozphotography.com\/blog\/wp-content\/uploads\/2023\/05\/Hotel-font-de-la-canya-Andreu-Doz-Photography-0064-300x200.jpg 300w, https:\/\/andreudozphotography.com\/blog\/wp-content\/uploads\/2023\/05\/Hotel-font-de-la-canya-Andreu-Doz-Photography-0064-1024x682.jpg 1024w, https:\/\/andreudozphotography.com\/blog\/wp-content\/uploads\/2023\/05\/Hotel-font-de-la-canya-Andreu-Doz-Photography-0064-768x512.jpg 768w, https:\/\/andreudozphotography.com\/blog\/wp-content\/uploads\/2023\/05\/Hotel-font-de-la-canya-Andreu-Doz-Photography-0064-1536x1024.jpg 1536w, https:\/\/andreudozphotography.com\/blog\/wp-content\/uploads\/2023\/05\/Hotel-font-de-la-canya-Andreu-Doz-Photography-0064-405x270.jpg 405w, https:\/\/andreudozphotography.com\/blog\/wp-content\/uploads\/2023\/05\/Hotel-font-de-la-canya-Andreu-Doz-Photography-0064-800x533.jpg 800w\" data-sizes=\"(max-width: 1772px) 100vw, 1772px\" src=\"data:image\/svg+xml;base64,PHN2ZyB3aWR0aD0iMSIgaGVpZ2h0PSIxIiB4bWxucz0iaHR0cDovL3d3dy53My5vcmcvMjAwMC9zdmciPjwvc3ZnPg==\" style=\"--smush-placeholder-width: 1772px; --smush-placeholder-aspect-ratio: 1772\/1181;\" \/> <img decoding=\"async\" class=\"aligncenter wp-image-14063 size-full lazyload\" data-src=\"https:\/\/andreudozphotography.com\/blog\/wp-content\/uploads\/2023\/05\/Hotel-font-de-la-canya-Andreu-Doz-Photography-0068.jpg\" alt=\"exchange of rings\" width=\"1772\" height=\"1181\" data-wp-pid=\"14063\" data-srcset=\"https:\/\/andreudozphotography.com\/blog\/wp-content\/uploads\/2023\/05\/Hotel-font-de-la-canya-Andreu-Doz-Photography-0068.jpg 1772w, https:\/\/andreudozphotography.com\/blog\/wp-content\/uploads\/2023\/05\/Hotel-font-de-la-canya-Andreu-Doz-Photography-0068-300x200.jpg 300w, https:\/\/andreudozphotography.com\/blog\/wp-content\/uploads\/2023\/05\/Hotel-font-de-la-canya-Andreu-Doz-Photography-0068-1024x682.jpg 1024w, https:\/\/andreudozphotography.com\/blog\/wp-content\/uploads\/2023\/05\/Hotel-font-de-la-canya-Andreu-Doz-Photography-0068-768x512.jpg 768w, https:\/\/andreudozphotography.com\/blog\/wp-content\/uploads\/2023\/05\/Hotel-font-de-la-canya-Andreu-Doz-Photography-0068-1536x1024.jpg 1536w, https:\/\/andreudozphotography.com\/blog\/wp-content\/uploads\/2023\/05\/Hotel-font-de-la-canya-Andreu-Doz-Photography-0068-405x270.jpg 405w, https:\/\/andreudozphotography.com\/blog\/wp-content\/uploads\/2023\/05\/Hotel-font-de-la-canya-Andreu-Doz-Photography-0068-800x533.jpg 800w\" data-sizes=\"(max-width: 1772px) 100vw, 1772px\" src=\"data:image\/svg+xml;base64,PHN2ZyB3aWR0aD0iMSIgaGVpZ2h0PSIxIiB4bWxucz0iaHR0cDovL3d3dy53My5vcmcvMjAwMC9zdmciPjwvc3ZnPg==\" style=\"--smush-placeholder-width: 1772px; --smush-placeholder-aspect-ratio: 1772\/1181;\" \/> <img decoding=\"async\" class=\"aligncenter wp-image-14065 size-full lazyload\" data-src=\"https:\/\/andreudozphotography.com\/blog\/wp-content\/uploads\/2023\/05\/Hotel-font-de-la-canya-Andreu-Doz-Photography-0070.jpg\" alt=\"They made it. They got married. their first kiss\" width=\"1772\" height=\"1181\" data-wp-pid=\"14065\" data-srcset=\"https:\/\/andreudozphotography.com\/blog\/wp-content\/uploads\/2023\/05\/Hotel-font-de-la-canya-Andreu-Doz-Photography-0070.jpg 1772w, https:\/\/andreudozphotography.com\/blog\/wp-content\/uploads\/2023\/05\/Hotel-font-de-la-canya-Andreu-Doz-Photography-0070-300x200.jpg 300w, https:\/\/andreudozphotography.com\/blog\/wp-content\/uploads\/2023\/05\/Hotel-font-de-la-canya-Andreu-Doz-Photography-0070-1024x682.jpg 1024w, https:\/\/andreudozphotography.com\/blog\/wp-content\/uploads\/2023\/05\/Hotel-font-de-la-canya-Andreu-Doz-Photography-0070-768x512.jpg 768w, https:\/\/andreudozphotography.com\/blog\/wp-content\/uploads\/2023\/05\/Hotel-font-de-la-canya-Andreu-Doz-Photography-0070-1536x1024.jpg 1536w, https:\/\/andreudozphotography.com\/blog\/wp-content\/uploads\/2023\/05\/Hotel-font-de-la-canya-Andreu-Doz-Photography-0070-405x270.jpg 405w, https:\/\/andreudozphotography.com\/blog\/wp-content\/uploads\/2023\/05\/Hotel-font-de-la-canya-Andreu-Doz-Photography-0070-800x533.jpg 800w\" data-sizes=\"(max-width: 1772px) 100vw, 1772px\" src=\"data:image\/svg+xml;base64,PHN2ZyB3aWR0aD0iMSIgaGVpZ2h0PSIxIiB4bWxucz0iaHR0cDovL3d3dy53My5vcmcvMjAwMC9zdmciPjwvc3ZnPg==\" style=\"--smush-placeholder-width: 1772px; --smush-placeholder-aspect-ratio: 1772\/1181;\" \/> <img decoding=\"async\" class=\"aligncenter wp-image-14066 size-full lazyload\" data-src=\"https:\/\/andreudozphotography.com\/blog\/wp-content\/uploads\/2023\/05\/Hotel-font-de-la-canya-Andreu-Doz-Photography-0071.jpg\" alt=\"groom signing after the ceremony\" width=\"1772\" height=\"1181\" data-wp-pid=\"14066\" data-srcset=\"https:\/\/andreudozphotography.com\/blog\/wp-content\/uploads\/2023\/05\/Hotel-font-de-la-canya-Andreu-Doz-Photography-0071.jpg 1772w, https:\/\/andreudozphotography.com\/blog\/wp-content\/uploads\/2023\/05\/Hotel-font-de-la-canya-Andreu-Doz-Photography-0071-300x200.jpg 300w, https:\/\/andreudozphotography.com\/blog\/wp-content\/uploads\/2023\/05\/Hotel-font-de-la-canya-Andreu-Doz-Photography-0071-1024x682.jpg 1024w, https:\/\/andreudozphotography.com\/blog\/wp-content\/uploads\/2023\/05\/Hotel-font-de-la-canya-Andreu-Doz-Photography-0071-768x512.jpg 768w, https:\/\/andreudozphotography.com\/blog\/wp-content\/uploads\/2023\/05\/Hotel-font-de-la-canya-Andreu-Doz-Photography-0071-1536x1024.jpg 1536w, https:\/\/andreudozphotography.com\/blog\/wp-content\/uploads\/2023\/05\/Hotel-font-de-la-canya-Andreu-Doz-Photography-0071-405x270.jpg 405w, https:\/\/andreudozphotography.com\/blog\/wp-content\/uploads\/2023\/05\/Hotel-font-de-la-canya-Andreu-Doz-Photography-0071-800x533.jpg 800w\" data-sizes=\"(max-width: 1772px) 100vw, 1772px\" src=\"data:image\/svg+xml;base64,PHN2ZyB3aWR0aD0iMSIgaGVpZ2h0PSIxIiB4bWxucz0iaHR0cDovL3d3dy53My5vcmcvMjAwMC9zdmciPjwvc3ZnPg==\" style=\"--smush-placeholder-width: 1772px; --smush-placeholder-aspect-ratio: 1772\/1181;\" \/> <img decoding=\"async\" class=\"aligncenter wp-image-14067 size-full lazyload\" data-src=\"https:\/\/andreudozphotography.com\/blog\/wp-content\/uploads\/2023\/05\/Hotel-font-de-la-canya-Andreu-Doz-Photography-0072.jpg\" alt=\"\" width=\"1772\" height=\"1181\" data-wp-pid=\"14067\" data-srcset=\"https:\/\/andreudozphotography.com\/blog\/wp-content\/uploads\/2023\/05\/Hotel-font-de-la-canya-Andreu-Doz-Photography-0072.jpg 1772w, https:\/\/andreudozphotography.com\/blog\/wp-content\/uploads\/2023\/05\/Hotel-font-de-la-canya-Andreu-Doz-Photography-0072-300x200.jpg 300w, https:\/\/andreudozphotography.com\/blog\/wp-content\/uploads\/2023\/05\/Hotel-font-de-la-canya-Andreu-Doz-Photography-0072-1024x682.jpg 1024w, https:\/\/andreudozphotography.com\/blog\/wp-content\/uploads\/2023\/05\/Hotel-font-de-la-canya-Andreu-Doz-Photography-0072-768x512.jpg 768w, https:\/\/andreudozphotography.com\/blog\/wp-content\/uploads\/2023\/05\/Hotel-font-de-la-canya-Andreu-Doz-Photography-0072-1536x1024.jpg 1536w, https:\/\/andreudozphotography.com\/blog\/wp-content\/uploads\/2023\/05\/Hotel-font-de-la-canya-Andreu-Doz-Photography-0072-405x270.jpg 405w, https:\/\/andreudozphotography.com\/blog\/wp-content\/uploads\/2023\/05\/Hotel-font-de-la-canya-Andreu-Doz-Photography-0072-800x533.jpg 800w\" data-sizes=\"(max-width: 1772px) 100vw, 1772px\" src=\"data:image\/svg+xml;base64,PHN2ZyB3aWR0aD0iMSIgaGVpZ2h0PSIxIiB4bWxucz0iaHR0cDovL3d3dy53My5vcmcvMjAwMC9zdmciPjwvc3ZnPg==\" style=\"--smush-placeholder-width: 1772px; --smush-placeholder-aspect-ratio: 1772\/1181;\" \/> <img decoding=\"async\" class=\"aligncenter wp-image-14071 size-full lazyload\" data-src=\"https:\/\/andreudozphotography.com\/blog\/wp-content\/uploads\/2023\/05\/Hotel-font-de-la-canya-Andreu-Doz-Photography-0076.jpg\" alt=\"\" width=\"1772\" height=\"1181\" data-wp-pid=\"14071\" data-srcset=\"https:\/\/andreudozphotography.com\/blog\/wp-content\/uploads\/2023\/05\/Hotel-font-de-la-canya-Andreu-Doz-Photography-0076.jpg 1772w, https:\/\/andreudozphotography.com\/blog\/wp-content\/uploads\/2023\/05\/Hotel-font-de-la-canya-Andreu-Doz-Photography-0076-300x200.jpg 300w, https:\/\/andreudozphotography.com\/blog\/wp-content\/uploads\/2023\/05\/Hotel-font-de-la-canya-Andreu-Doz-Photography-0076-1024x682.jpg 1024w, https:\/\/andreudozphotography.com\/blog\/wp-content\/uploads\/2023\/05\/Hotel-font-de-la-canya-Andreu-Doz-Photography-0076-768x512.jpg 768w, https:\/\/andreudozphotography.com\/blog\/wp-content\/uploads\/2023\/05\/Hotel-font-de-la-canya-Andreu-Doz-Photography-0076-1536x1024.jpg 1536w, https:\/\/andreudozphotography.com\/blog\/wp-content\/uploads\/2023\/05\/Hotel-font-de-la-canya-Andreu-Doz-Photography-0076-405x270.jpg 405w, https:\/\/andreudozphotography.com\/blog\/wp-content\/uploads\/2023\/05\/Hotel-font-de-la-canya-Andreu-Doz-Photography-0076-800x533.jpg 800w\" data-sizes=\"(max-width: 1772px) 100vw, 1772px\" src=\"data:image\/svg+xml;base64,PHN2ZyB3aWR0aD0iMSIgaGVpZ2h0PSIxIiB4bWxucz0iaHR0cDovL3d3dy53My5vcmcvMjAwMC9zdmciPjwvc3ZnPg==\" style=\"--smush-placeholder-width: 1772px; --smush-placeholder-aspect-ratio: 1772\/1181;\" \/> <img decoding=\"async\" class=\"aligncenter wp-image-14075 size-full lazyload\" data-src=\"https:\/\/andreudozphotography.com\/blog\/wp-content\/uploads\/2023\/05\/Hotel-font-de-la-canya-Andreu-Doz-Photography-0080.jpg\" alt=\"family love\" width=\"1771\" height=\"1181\" data-wp-pid=\"14075\" data-srcset=\"https:\/\/andreudozphotography.com\/blog\/wp-content\/uploads\/2023\/05\/Hotel-font-de-la-canya-Andreu-Doz-Photography-0080.jpg 1771w, https:\/\/andreudozphotography.com\/blog\/wp-content\/uploads\/2023\/05\/Hotel-font-de-la-canya-Andreu-Doz-Photography-0080-300x200.jpg 300w, https:\/\/andreudozphotography.com\/blog\/wp-content\/uploads\/2023\/05\/Hotel-font-de-la-canya-Andreu-Doz-Photography-0080-1024x683.jpg 1024w, https:\/\/andreudozphotography.com\/blog\/wp-content\/uploads\/2023\/05\/Hotel-font-de-la-canya-Andreu-Doz-Photography-0080-768x512.jpg 768w, https:\/\/andreudozphotography.com\/blog\/wp-content\/uploads\/2023\/05\/Hotel-font-de-la-canya-Andreu-Doz-Photography-0080-1536x1024.jpg 1536w, https:\/\/andreudozphotography.com\/blog\/wp-content\/uploads\/2023\/05\/Hotel-font-de-la-canya-Andreu-Doz-Photography-0080-405x270.jpg 405w, https:\/\/andreudozphotography.com\/blog\/wp-content\/uploads\/2023\/05\/Hotel-font-de-la-canya-Andreu-Doz-Photography-0080-800x533.jpg 800w\" data-sizes=\"(max-width: 1771px) 100vw, 1771px\" src=\"data:image\/svg+xml;base64,PHN2ZyB3aWR0aD0iMSIgaGVpZ2h0PSIxIiB4bWxucz0iaHR0cDovL3d3dy53My5vcmcvMjAwMC9zdmciPjwvc3ZnPg==\" style=\"--smush-placeholder-width: 1771px; --smush-placeholder-aspect-ratio: 1771\/1181;\" \/> <img decoding=\"async\" class=\"aligncenter wp-image-14076 size-full lazyload\" data-src=\"https:\/\/andreudozphotography.com\/blog\/wp-content\/uploads\/2023\/05\/Hotel-font-de-la-canya-Andreu-Doz-Photography-0081.jpg\" alt=\"the newly weds are full of happiness and joy while they exit the ceremony through the conffetti \" width=\"1772\" height=\"1181\" data-wp-pid=\"14076\" data-srcset=\"https:\/\/andreudozphotography.com\/blog\/wp-content\/uploads\/2023\/05\/Hotel-font-de-la-canya-Andreu-Doz-Photography-0081.jpg 1772w, https:\/\/andreudozphotography.com\/blog\/wp-content\/uploads\/2023\/05\/Hotel-font-de-la-canya-Andreu-Doz-Photography-0081-300x200.jpg 300w, https:\/\/andreudozphotography.com\/blog\/wp-content\/uploads\/2023\/05\/Hotel-font-de-la-canya-Andreu-Doz-Photography-0081-1024x682.jpg 1024w, https:\/\/andreudozphotography.com\/blog\/wp-content\/uploads\/2023\/05\/Hotel-font-de-la-canya-Andreu-Doz-Photography-0081-768x512.jpg 768w, https:\/\/andreudozphotography.com\/blog\/wp-content\/uploads\/2023\/05\/Hotel-font-de-la-canya-Andreu-Doz-Photography-0081-1536x1024.jpg 1536w, https:\/\/andreudozphotography.com\/blog\/wp-content\/uploads\/2023\/05\/Hotel-font-de-la-canya-Andreu-Doz-Photography-0081-405x270.jpg 405w, https:\/\/andreudozphotography.com\/blog\/wp-content\/uploads\/2023\/05\/Hotel-font-de-la-canya-Andreu-Doz-Photography-0081-800x533.jpg 800w\" data-sizes=\"(max-width: 1772px) 100vw, 1772px\" src=\"data:image\/svg+xml;base64,PHN2ZyB3aWR0aD0iMSIgaGVpZ2h0PSIxIiB4bWxucz0iaHR0cDovL3d3dy53My5vcmcvMjAwMC9zdmciPjwvc3ZnPg==\" style=\"--smush-placeholder-width: 1772px; --smush-placeholder-aspect-ratio: 1772\/1181;\" \/> <img decoding=\"async\" class=\"aligncenter wp-image-14078 size-full lazyload\" data-src=\"https:\/\/andreudozphotography.com\/blog\/wp-content\/uploads\/2023\/05\/Hotel-font-de-la-canya-Andreu-Doz-Photography-0083.jpg\" alt=\"Bride and groom walking hand in hand through the vineyards at Font de la Canya, Pened\u00e8s, during golden hour.\" width=\"1772\" height=\"1181\" data-wp-pid=\"14078\" data-srcset=\"https:\/\/andreudozphotography.com\/blog\/wp-content\/uploads\/2023\/05\/Hotel-font-de-la-canya-Andreu-Doz-Photography-0083.jpg 1772w, https:\/\/andreudozphotography.com\/blog\/wp-content\/uploads\/2023\/05\/Hotel-font-de-la-canya-Andreu-Doz-Photography-0083-300x200.jpg 300w, https:\/\/andreudozphotography.com\/blog\/wp-content\/uploads\/2023\/05\/Hotel-font-de-la-canya-Andreu-Doz-Photography-0083-1024x682.jpg 1024w, https:\/\/andreudozphotography.com\/blog\/wp-content\/uploads\/2023\/05\/Hotel-font-de-la-canya-Andreu-Doz-Photography-0083-768x512.jpg 768w, https:\/\/andreudozphotography.com\/blog\/wp-content\/uploads\/2023\/05\/Hotel-font-de-la-canya-Andreu-Doz-Photography-0083-1536x1024.jpg 1536w, https:\/\/andreudozphotography.com\/blog\/wp-content\/uploads\/2023\/05\/Hotel-font-de-la-canya-Andreu-Doz-Photography-0083-405x270.jpg 405w, https:\/\/andreudozphotography.com\/blog\/wp-content\/uploads\/2023\/05\/Hotel-font-de-la-canya-Andreu-Doz-Photography-0083-800x533.jpg 800w\" data-sizes=\"(max-width: 1772px) 100vw, 1772px\" src=\"data:image\/svg+xml;base64,PHN2ZyB3aWR0aD0iMSIgaGVpZ2h0PSIxIiB4bWxucz0iaHR0cDovL3d3dy53My5vcmcvMjAwMC9zdmciPjwvc3ZnPg==\" style=\"--smush-placeholder-width: 1772px; --smush-placeholder-aspect-ratio: 1772\/1181;\" \/> <img decoding=\"async\" class=\"aligncenter wp-image-14079 size-full lazyload\" data-src=\"https:\/\/andreudozphotography.com\/blog\/wp-content\/uploads\/2023\/05\/Hotel-font-de-la-canya-Andreu-Doz-Photography-0084.jpg\" alt=\"Bride and groom walking hand in hand through the vineyards at Font de la Canya, Pened\u00e8s, during golden hour.\" width=\"1772\" height=\"1181\" data-wp-pid=\"14079\" data-srcset=\"https:\/\/andreudozphotography.com\/blog\/wp-content\/uploads\/2023\/05\/Hotel-font-de-la-canya-Andreu-Doz-Photography-0084.jpg 1772w, https:\/\/andreudozphotography.com\/blog\/wp-content\/uploads\/2023\/05\/Hotel-font-de-la-canya-Andreu-Doz-Photography-0084-300x200.jpg 300w, https:\/\/andreudozphotography.com\/blog\/wp-content\/uploads\/2023\/05\/Hotel-font-de-la-canya-Andreu-Doz-Photography-0084-1024x682.jpg 1024w, https:\/\/andreudozphotography.com\/blog\/wp-content\/uploads\/2023\/05\/Hotel-font-de-la-canya-Andreu-Doz-Photography-0084-768x512.jpg 768w, https:\/\/andreudozphotography.com\/blog\/wp-content\/uploads\/2023\/05\/Hotel-font-de-la-canya-Andreu-Doz-Photography-0084-1536x1024.jpg 1536w, https:\/\/andreudozphotography.com\/blog\/wp-content\/uploads\/2023\/05\/Hotel-font-de-la-canya-Andreu-Doz-Photography-0084-405x270.jpg 405w, https:\/\/andreudozphotography.com\/blog\/wp-content\/uploads\/2023\/05\/Hotel-font-de-la-canya-Andreu-Doz-Photography-0084-800x533.jpg 800w\" data-sizes=\"(max-width: 1772px) 100vw, 1772px\" src=\"data:image\/svg+xml;base64,PHN2ZyB3aWR0aD0iMSIgaGVpZ2h0PSIxIiB4bWxucz0iaHR0cDovL3d3dy53My5vcmcvMjAwMC9zdmciPjwvc3ZnPg==\" style=\"--smush-placeholder-width: 1772px; --smush-placeholder-aspect-ratio: 1772\/1181;\" \/> <img decoding=\"async\" class=\"aligncenter wp-image-14080 size-full lazyload\" data-src=\"https:\/\/andreudozphotography.com\/blog\/wp-content\/uploads\/2023\/05\/Hotel-font-de-la-canya-Andreu-Doz-Photography-0085.jpg\" alt=\"Bride and groom walking hand in hand through the vineyards at Font de la Canya, Pened\u00e8s, during golden hour.\" width=\"1772\" height=\"1181\" data-wp-pid=\"14080\" data-srcset=\"https:\/\/andreudozphotography.com\/blog\/wp-content\/uploads\/2023\/05\/Hotel-font-de-la-canya-Andreu-Doz-Photography-0085.jpg 1772w, https:\/\/andreudozphotography.com\/blog\/wp-content\/uploads\/2023\/05\/Hotel-font-de-la-canya-Andreu-Doz-Photography-0085-300x200.jpg 300w, https:\/\/andreudozphotography.com\/blog\/wp-content\/uploads\/2023\/05\/Hotel-font-de-la-canya-Andreu-Doz-Photography-0085-1024x682.jpg 1024w, https:\/\/andreudozphotography.com\/blog\/wp-content\/uploads\/2023\/05\/Hotel-font-de-la-canya-Andreu-Doz-Photography-0085-768x512.jpg 768w, https:\/\/andreudozphotography.com\/blog\/wp-content\/uploads\/2023\/05\/Hotel-font-de-la-canya-Andreu-Doz-Photography-0085-1536x1024.jpg 1536w, https:\/\/andreudozphotography.com\/blog\/wp-content\/uploads\/2023\/05\/Hotel-font-de-la-canya-Andreu-Doz-Photography-0085-405x270.jpg 405w, https:\/\/andreudozphotography.com\/blog\/wp-content\/uploads\/2023\/05\/Hotel-font-de-la-canya-Andreu-Doz-Photography-0085-800x533.jpg 800w\" data-sizes=\"(max-width: 1772px) 100vw, 1772px\" src=\"data:image\/svg+xml;base64,PHN2ZyB3aWR0aD0iMSIgaGVpZ2h0PSIxIiB4bWxucz0iaHR0cDovL3d3dy53My5vcmcvMjAwMC9zdmciPjwvc3ZnPg==\" style=\"--smush-placeholder-width: 1772px; --smush-placeholder-aspect-ratio: 1772\/1181;\" \/> <img decoding=\"async\" class=\"aligncenter wp-image-14081 size-full lazyload\" data-src=\"https:\/\/andreudozphotography.com\/blog\/wp-content\/uploads\/2023\/05\/Hotel-font-de-la-canya-Andreu-Doz-Photography-0086.jpg\" alt=\"the kiss. Bride and groom walking hand in hand through the vineyards at Font de la Canya, Pened\u00e8s, during golden hour.\" width=\"1772\" height=\"1181\" data-wp-pid=\"14081\" data-srcset=\"https:\/\/andreudozphotography.com\/blog\/wp-content\/uploads\/2023\/05\/Hotel-font-de-la-canya-Andreu-Doz-Photography-0086.jpg 1772w, https:\/\/andreudozphotography.com\/blog\/wp-content\/uploads\/2023\/05\/Hotel-font-de-la-canya-Andreu-Doz-Photography-0086-300x200.jpg 300w, https:\/\/andreudozphotography.com\/blog\/wp-content\/uploads\/2023\/05\/Hotel-font-de-la-canya-Andreu-Doz-Photography-0086-1024x682.jpg 1024w, https:\/\/andreudozphotography.com\/blog\/wp-content\/uploads\/2023\/05\/Hotel-font-de-la-canya-Andreu-Doz-Photography-0086-768x512.jpg 768w, https:\/\/andreudozphotography.com\/blog\/wp-content\/uploads\/2023\/05\/Hotel-font-de-la-canya-Andreu-Doz-Photography-0086-1536x1024.jpg 1536w, https:\/\/andreudozphotography.com\/blog\/wp-content\/uploads\/2023\/05\/Hotel-font-de-la-canya-Andreu-Doz-Photography-0086-405x270.jpg 405w, https:\/\/andreudozphotography.com\/blog\/wp-content\/uploads\/2023\/05\/Hotel-font-de-la-canya-Andreu-Doz-Photography-0086-800x533.jpg 800w\" data-sizes=\"(max-width: 1772px) 100vw, 1772px\" src=\"data:image\/svg+xml;base64,PHN2ZyB3aWR0aD0iMSIgaGVpZ2h0PSIxIiB4bWxucz0iaHR0cDovL3d3dy53My5vcmcvMjAwMC9zdmciPjwvc3ZnPg==\" style=\"--smush-placeholder-width: 1772px; --smush-placeholder-aspect-ratio: 1772\/1181;\" \/> <img decoding=\"async\" class=\"aligncenter wp-image-14083 size-full lazyload\" data-src=\"https:\/\/andreudozphotography.com\/blog\/wp-content\/uploads\/2023\/05\/Hotel-font-de-la-canya-Andreu-Doz-Photography-0088-scaled.jpg\" alt=\"Bride and groom walking hand in hand through the vineyards at Font de la Canya, Pened\u00e8s, during golden hour.\" width=\"2560\" height=\"1707\" data-wp-pid=\"14083\" data-srcset=\"https:\/\/andreudozphotography.com\/blog\/wp-content\/uploads\/2023\/05\/Hotel-font-de-la-canya-Andreu-Doz-Photography-0088-scaled.jpg 2560w, https:\/\/andreudozphotography.com\/blog\/wp-content\/uploads\/2023\/05\/Hotel-font-de-la-canya-Andreu-Doz-Photography-0088-300x200.jpg 300w, https:\/\/andreudozphotography.com\/blog\/wp-content\/uploads\/2023\/05\/Hotel-font-de-la-canya-Andreu-Doz-Photography-0088-1024x683.jpg 1024w, https:\/\/andreudozphotography.com\/blog\/wp-content\/uploads\/2023\/05\/Hotel-font-de-la-canya-Andreu-Doz-Photography-0088-768x512.jpg 768w, https:\/\/andreudozphotography.com\/blog\/wp-content\/uploads\/2023\/05\/Hotel-font-de-la-canya-Andreu-Doz-Photography-0088-1536x1024.jpg 1536w, https:\/\/andreudozphotography.com\/blog\/wp-content\/uploads\/2023\/05\/Hotel-font-de-la-canya-Andreu-Doz-Photography-0088-2048x1366.jpg 2048w, https:\/\/andreudozphotography.com\/blog\/wp-content\/uploads\/2023\/05\/Hotel-font-de-la-canya-Andreu-Doz-Photography-0088-405x270.jpg 405w, https:\/\/andreudozphotography.com\/blog\/wp-content\/uploads\/2023\/05\/Hotel-font-de-la-canya-Andreu-Doz-Photography-0088-800x533.jpg 800w\" data-sizes=\"(max-width: 2560px) 100vw, 2560px\" src=\"data:image\/svg+xml;base64,PHN2ZyB3aWR0aD0iMSIgaGVpZ2h0PSIxIiB4bWxucz0iaHR0cDovL3d3dy53My5vcmcvMjAwMC9zdmciPjwvc3ZnPg==\" style=\"--smush-placeholder-width: 2560px; --smush-placeholder-aspect-ratio: 2560\/1707;\" \/> <img decoding=\"async\" class=\"aligncenter wp-image-14085 size-full lazyload\" data-src=\"https:\/\/andreudozphotography.com\/blog\/wp-content\/uploads\/2023\/05\/Hotel-font-de-la-canya-Andreu-Doz-Photography-0090-scaled.jpg\" alt=\"Guests enjoying cocktails in the garden under string lights at Font de la Canya wedding venue in the late afternoon.\" width=\"2560\" height=\"1707\" data-wp-pid=\"14085\" data-srcset=\"https:\/\/andreudozphotography.com\/blog\/wp-content\/uploads\/2023\/05\/Hotel-font-de-la-canya-Andreu-Doz-Photography-0090-scaled.jpg 2560w, https:\/\/andreudozphotography.com\/blog\/wp-content\/uploads\/2023\/05\/Hotel-font-de-la-canya-Andreu-Doz-Photography-0090-300x200.jpg 300w, https:\/\/andreudozphotography.com\/blog\/wp-content\/uploads\/2023\/05\/Hotel-font-de-la-canya-Andreu-Doz-Photography-0090-1024x683.jpg 1024w, https:\/\/andreudozphotography.com\/blog\/wp-content\/uploads\/2023\/05\/Hotel-font-de-la-canya-Andreu-Doz-Photography-0090-768x512.jpg 768w, https:\/\/andreudozphotography.com\/blog\/wp-content\/uploads\/2023\/05\/Hotel-font-de-la-canya-Andreu-Doz-Photography-0090-1536x1024.jpg 1536w, https:\/\/andreudozphotography.com\/blog\/wp-content\/uploads\/2023\/05\/Hotel-font-de-la-canya-Andreu-Doz-Photography-0090-2048x1366.jpg 2048w, https:\/\/andreudozphotography.com\/blog\/wp-content\/uploads\/2023\/05\/Hotel-font-de-la-canya-Andreu-Doz-Photography-0090-405x270.jpg 405w, https:\/\/andreudozphotography.com\/blog\/wp-content\/uploads\/2023\/05\/Hotel-font-de-la-canya-Andreu-Doz-Photography-0090-800x533.jpg 800w\" data-sizes=\"(max-width: 2560px) 100vw, 2560px\" src=\"data:image\/svg+xml;base64,PHN2ZyB3aWR0aD0iMSIgaGVpZ2h0PSIxIiB4bWxucz0iaHR0cDovL3d3dy53My5vcmcvMjAwMC9zdmciPjwvc3ZnPg==\" style=\"--smush-placeholder-width: 2560px; --smush-placeholder-aspect-ratio: 2560\/1707;\" \/> <img decoding=\"async\" class=\"aligncenter wp-image-14088 size-full lazyload\" data-src=\"https:\/\/andreudozphotography.com\/blog\/wp-content\/uploads\/2023\/05\/Hotel-font-de-la-canya-Andreu-Doz-Photography-0093.jpg\" alt=\"Bride and groom doing their entrance with a classic Vespa motorbike\" width=\"1772\" height=\"1181\" data-wp-pid=\"14088\" data-srcset=\"https:\/\/andreudozphotography.com\/blog\/wp-content\/uploads\/2023\/05\/Hotel-font-de-la-canya-Andreu-Doz-Photography-0093.jpg 1772w, https:\/\/andreudozphotography.com\/blog\/wp-content\/uploads\/2023\/05\/Hotel-font-de-la-canya-Andreu-Doz-Photography-0093-300x200.jpg 300w, https:\/\/andreudozphotography.com\/blog\/wp-content\/uploads\/2023\/05\/Hotel-font-de-la-canya-Andreu-Doz-Photography-0093-1024x682.jpg 1024w, https:\/\/andreudozphotography.com\/blog\/wp-content\/uploads\/2023\/05\/Hotel-font-de-la-canya-Andreu-Doz-Photography-0093-768x512.jpg 768w, https:\/\/andreudozphotography.com\/blog\/wp-content\/uploads\/2023\/05\/Hotel-font-de-la-canya-Andreu-Doz-Photography-0093-1536x1024.jpg 1536w, https:\/\/andreudozphotography.com\/blog\/wp-content\/uploads\/2023\/05\/Hotel-font-de-la-canya-Andreu-Doz-Photography-0093-405x270.jpg 405w, https:\/\/andreudozphotography.com\/blog\/wp-content\/uploads\/2023\/05\/Hotel-font-de-la-canya-Andreu-Doz-Photography-0093-800x533.jpg 800w\" data-sizes=\"(max-width: 1772px) 100vw, 1772px\" src=\"data:image\/svg+xml;base64,PHN2ZyB3aWR0aD0iMSIgaGVpZ2h0PSIxIiB4bWxucz0iaHR0cDovL3d3dy53My5vcmcvMjAwMC9zdmciPjwvc3ZnPg==\" style=\"--smush-placeholder-width: 1772px; --smush-placeholder-aspect-ratio: 1772\/1181;\" \/> <img decoding=\"async\" class=\"aligncenter wp-image-14089 size-full lazyload\" data-src=\"http:\/\/andreudozphotography.com\/blog\/wp-content\/uploads\/2023\/05\/Hotel-font-de-la-canya-Andreu-Doz-Photography-0094-scaled.jpg\" alt=\"Bride and groom walking hand in hand through the vineyards at Font de la Canya, Pened\u00e8s, during golden hour.\" width=\"2560\" height=\"1707\" data-wp-pid=\"14089\" data-srcset=\"https:\/\/andreudozphotography.com\/blog\/wp-content\/uploads\/2023\/05\/Hotel-font-de-la-canya-Andreu-Doz-Photography-0094-scaled.jpg 2560w, https:\/\/andreudozphotography.com\/blog\/wp-content\/uploads\/2023\/05\/Hotel-font-de-la-canya-Andreu-Doz-Photography-0094-300x200.jpg 300w, https:\/\/andreudozphotography.com\/blog\/wp-content\/uploads\/2023\/05\/Hotel-font-de-la-canya-Andreu-Doz-Photography-0094-1024x683.jpg 1024w, https:\/\/andreudozphotography.com\/blog\/wp-content\/uploads\/2023\/05\/Hotel-font-de-la-canya-Andreu-Doz-Photography-0094-768x512.jpg 768w, https:\/\/andreudozphotography.com\/blog\/wp-content\/uploads\/2023\/05\/Hotel-font-de-la-canya-Andreu-Doz-Photography-0094-1536x1024.jpg 1536w, https:\/\/andreudozphotography.com\/blog\/wp-content\/uploads\/2023\/05\/Hotel-font-de-la-canya-Andreu-Doz-Photography-0094-2048x1366.jpg 2048w, https:\/\/andreudozphotography.com\/blog\/wp-content\/uploads\/2023\/05\/Hotel-font-de-la-canya-Andreu-Doz-Photography-0094-405x270.jpg 405w\" data-sizes=\"(max-width: 2560px) 100vw, 2560px\" src=\"data:image\/svg+xml;base64,PHN2ZyB3aWR0aD0iMSIgaGVpZ2h0PSIxIiB4bWxucz0iaHR0cDovL3d3dy53My5vcmcvMjAwMC9zdmciPjwvc3ZnPg==\" style=\"--smush-placeholder-width: 2560px; --smush-placeholder-aspect-ratio: 2560\/1707;\" \/><\/p>\n<p style=\"text-align: center;\">Vendors:<\/p>\n<p style=\"text-align: center;\"><a href=\"https:\/\/www.hotelfontdelacanya.com\/es\" rel=\"nofollow noopener\" target=\"_blank\">Hotel Boutique Font de la Canya<\/a><\/p>\n<p style=\"text-align: center;\">Catering: <a href=\"https:\/\/calblay.com\/es\/\" rel=\"nofollow noopener\" target=\"_blank\">Cal Blay<\/a><\/p>\n<p style=\"text-align: center;\">Read more about one of our weddings :&nbsp;<a href=\"https:\/\/andreudozphotography.com\/blog\/weddingcasafelix\/\">A Midsummer Night\u00b4s Dream<\/a>&nbsp;\u2013 Wedding at Casa Felix, Barcelona<\/p>\n<p style=\"text-align: center;\"><a href=\"http:\/\/www.andreudozphotography.com\/\">www.andreudozphotography.com<\/a><\/p>\n<p style=\"text-align: center;\">Contact info +34 688919854<\/p>\n<p style=\"text-align: center;\">Andreudozphotography@gmail.com<\/p>\n<p style=\"text-align: center;\">Contact us&nbsp;<a href=\"https:\/\/andreudozphotography.com\/contactus\">here<\/a><\/p>\n<p style=\"text-align: center;\">&nbsp;<\/p>\n","protected":false},"excerpt":{"rendered":"<p>Font de la Canya: A Breathtaking Wedding Venue in the Heart of Catalonia As a wedding photographer, I&#8217;ve had the privilege of shooting in many beautiful places across Europe. But there\u2019s something uniquely special about Font de la Canya, a rustic wedding venue tucked away in the Pened\u00e8s wine region of Catalonia, Spain. The first &hellip; <\/p>\n<p class=\"read-more\"><a class=\"btn btn-default\" href=\"https:\/\/andreudozphotography.com\/blog\/hotel-font-de-la-canya-wedding\/\"> Read More<span class=\"screen-reader-text\">  Read More<\/span><\/a><\/p>\n","protected":false},"author":1,"featured_media":14089,"comment_status":"open","ping_status":"open","sticky":false,"template":"","format":"standard","meta":{"ngg_post_thumbnail":0,"slim_seo":{"title":"Hotel Font de la canya wedding","description":"As a wedding photographer, I\u2019ve had the privilege of shooting in many beautiful places across Europe. But there\u2019s something uniquely special about Font de la Canya"},"footnotes":""},"categories":[1],"tags":[1161,1160,1159,1157,1162,1158,1156],"class_list":["post-13995","post","type-post","status-publish","format-standard","has-post-thumbnail","hentry","category-uncategorized","tag-font-de-la-canya-boda","tag-font-de-la-canya-destination-wedding","tag-font-de-la-canya-photographer","tag-font-de-la-canya-wedding","tag-font-de-la-canya-wedding-inspiration","tag-font-de-la-canya-wedding-photographer","tag-font-de-la-canya-wedding-venue"],"_links":{"self":[{"href":"https:\/\/andreudozphotography.com\/blog\/wp-json\/wp\/v2\/posts\/13995","targetHints":{"allow":["GET"]}}],"collection":[{"href":"https:\/\/andreudozphotography.com\/blog\/wp-json\/wp\/v2\/posts"}],"about":[{"href":"https:\/\/andreudozphotography.com\/blog\/wp-json\/wp\/v2\/types\/post"}],"author":[{"embeddable":true,"href":"https:\/\/andreudozphotography.com\/blog\/wp-json\/wp\/v2\/users\/1"}],"replies":[{"embeddable":true,"href":"https:\/\/andreudozphotography.com\/blog\/wp-json\/wp\/v2\/comments?post=13995"}],"version-history":[{"count":1,"href":"https:\/\/andreudozphotography.com\/blog\/wp-json\/wp\/v2\/posts\/13995\/revisions"}],"predecessor-version":[{"id":15048,"href":"https:\/\/andreudozphotography.com\/blog\/wp-json\/wp\/v2\/posts\/13995\/revisions\/15048"}],"wp:featuredmedia":[{"embeddable":true,"href":"https:\/\/andreudozphotography.com\/blog\/wp-json\/wp\/v2\/media\/14089"}],"wp:attachment":[{"href":"https:\/\/andreudozphotography.com\/blog\/wp-json\/wp\/v2\/media?parent=13995"}],"wp:term":[{"taxonomy":"category","embeddable":true,"href":"https:\/\/andreudozphotography.com\/blog\/wp-json\/wp\/v2\/categories?post=13995"},{"taxonomy":"post_tag","embeddable":true,"href":"https:\/\/andreudozphotography.com\/blog\/wp-json\/wp\/v2\/tags?post=13995"}],"curies":[{"name":"wp","href":"https:\/\/api.w.org\/{rel}","templated":true}]}}